{"id":5501,"date":"2025-07-23T16:46:23","date_gmt":"2025-07-23T14:46:23","guid":{"rendered":"https:\/\/www.sssv.org\/17\/?p=5501"},"modified":"2025-07-24T17:25:54","modified_gmt":"2025-07-24T15:25:54","slug":"arge-alp-2025","status":"publish","type":"post","link":"https:\/\/www.sssv.org\/17\/2025\/07\/23\/arge-alp-2025\/","title":{"rendered":"Arge Alp 2025 in M\u00fcnchen Hochbr\u00fcck"},"content":{"rendered":"<h3><span style=\"color: #ff0000;\"><strong>Der Arge Alp Wettkampf fand heuer vom 17. bis 20. Juli in M\u00fcnchen Olympiaschie\u00dfanlage Hochbr\u00fcck statt. 27 S\u00fcdtiroler Athleten waren am Start.<\/strong><\/span><\/h3>\n<p>Vom 17. bis 20. Juli 2025 fand in Garching\/M\u00fcnchen das Arge Alp Sportschie\u00dfen-Event statt, ausgetragen in der beeindruckenden Olympiaschie\u00dfanlage, eine der gr\u00f6\u00dften und renommiertesten der Welt. Die Veranstaltung begann mit einem Einzug der beteiligeten L\u00e4nder. 27 Sch\u00fctzinnen\/Sch\u00fctzen der S\u00fcdtirolauswahl nahmen in mehreren Disziplinen an diesem Wettkampf teil. Ausgeschrieben waren die Klassen der Junioren, Junioren Damen, Damen und Herren in den verschiedenen olympischen Disziplinen.<br \/>\nAm Freitag und Samstag wurden s\u00e4mtliche Disziplinen des Programms auf h\u00f6chstem sportlichem Niveau durchgef\u00fchrt. Die Teilnehmerinnen und Teilnehmer konnten den olympischen Geist an einem ikonischen Ort erleben, der bereits Austragungsst\u00e4tte der Olympischen Spiele 1972 war und seither zahlreiche Welt- und Europameisterschaften sowie international renommierte Schie\u00dfsportveranstaltungen beherbergte.<br \/>\nDer Wettbewerb endete am Samstagabend mit der Siegerehrung und einem gemeinsamen Abendessen \u2013 ein w\u00fcrdiger Abschluss, der erneut die herausragende Infrastruktur und Vielseitigkeit des M\u00fcnchener Olympiazentrums unter Beweis stellte. Bayern siegte vor Tirol. S\u00fcdtirol und Vorarlberg teilten sich den 3. Platz.<\/p>\n<p><img loading=\"lazy\" class=\"alignnone wp-image-5496\" src=\"https:\/\/www.sssv.org\/17\/wp-content\/uploads\/2025\/07\/Arge-Alp-2025-Foto-gesamt-300x232.jpg\" alt=\"\" width=\"504\" height=\"390\" srcset=\"https:\/\/www.sssv.org\/17\/wp-content\/uploads\/2025\/07\/Arge-Alp-2025-Foto-gesamt-300x232.jpg 300w, https:\/\/www.sssv.org\/17\/wp-content\/uploads\/2025\/07\/Arge-Alp-2025-Foto-gesamt-1024x791.jpg 1024w, https:\/\/www.sssv.org\/17\/wp-content\/uploads\/2025\/07\/Arge-Alp-2025-Foto-gesamt-768x593.jpg 768w, https:\/\/www.sssv.org\/17\/wp-content\/uploads\/2025\/07\/Arge-Alp-2025-Foto-gesamt-640x494.jpg 640w, https:\/\/www.sssv.org\/17\/wp-content\/uploads\/2025\/07\/Arge-Alp-2025-Foto-gesamt-696x537.jpg 696w, https:\/\/www.sssv.org\/17\/wp-content\/uploads\/2025\/07\/Arge-Alp-2025-Foto-gesamt-1068x825.jpg 1068w, https:\/\/www.sssv.org\/17\/wp-content\/uploads\/2025\/07\/Arge-Alp-2025-Foto-gesamt-544x420.jpg 544w, https:\/\/www.sssv.org\/17\/wp-content\/uploads\/2025\/07\/Arge-Alp-2025-Foto-gesamt.jpg 1123w\" sizes=\"(max-width: 504px) 100vw, 504px\" \/><br \/>\n27 Sch\u00fctzinnen\/Sch\u00fctzen aus S\u00fcdtirol nahmen in mehreren Disziplinen an diesem Wettkampf teil. Ausgeschrieben waren die Klassen der Junioren, Junioren Damen, Damen und Herren in den verschiedenen olympischen Disziplinen.<\/p>\n<table style=\"border-collapse: collapse; width: 107.471%;\">\n<tbody>\n<tr>\n<td style=\"width: 70.2463%;\"><img loading=\"lazy\" class=\"alignnone wp-image-5499\" src=\"https:\/\/www.sssv.org\/17\/wp-content\/uploads\/2025\/07\/Arge-Alp-2025-Foto-Junioren-LG-300x228.jpg\" alt=\"\" width=\"492\" height=\"374\" srcset=\"https:\/\/www.sssv.org\/17\/wp-content\/uploads\/2025\/07\/Arge-Alp-2025-Foto-Junioren-LG-300x228.jpg 300w, https:\/\/www.sssv.org\/17\/wp-content\/uploads\/2025\/07\/Arge-Alp-2025-Foto-Junioren-LG-768x584.jpg 768w, https:\/\/www.sssv.org\/17\/wp-content\/uploads\/2025\/07\/Arge-Alp-2025-Foto-Junioren-LG-640x486.jpg 640w, https:\/\/www.sssv.org\/17\/wp-content\/uploads\/2025\/07\/Arge-Alp-2025-Foto-Junioren-LG-80x60.jpg 80w, https:\/\/www.sssv.org\/17\/wp-content\/uploads\/2025\/07\/Arge-Alp-2025-Foto-Junioren-LG-696x529.jpg 696w, https:\/\/www.sssv.org\/17\/wp-content\/uploads\/2025\/07\/Arge-Alp-2025-Foto-Junioren-LG-553x420.jpg 553w, https:\/\/www.sssv.org\/17\/wp-content\/uploads\/2025\/07\/Arge-Alp-2025-Foto-Junioren-LG.jpg 995w\" sizes=\"(max-width: 492px) 100vw, 492px\" \/><\/td>\n<td style=\"width: 37.225%;\">Bei den Mannschaftswertungen gab es einen Sieg unserer Junioren mit dem Luftgewehr, sowie zwei zweite und vier dritte Pl\u00e4tze.<\/td>\n<\/tr>\n<\/tbody>\n<\/table>\n<p>&nbsp;<\/p>\n<p>Auch in den Einzelwertungen gab es heuer 2 Podiumspl\u00e4tze:<\/p>\n<table style=\"border-collapse: collapse; width: 108.908%;\">\n<tbody>\n<tr>\n<td style=\"width: 35.2012%;\">Rang drei f\u00fcr Patrick Augsch\u00f6ll der Sportsch\u00fctzen St. Lorenzen mit dem Luftgewehr in der Juniorenklasse<\/td>\n<td style=\"width: 73.7069%;\"><img loading=\"lazy\" class=\"alignnone wp-image-5493\" src=\"https:\/\/www.sssv.org\/17\/wp-content\/uploads\/2025\/07\/Arge-Alp-2025-Foto-Augschoell-233x300.jpg\" alt=\"\" width=\"297\" height=\"382\" srcset=\"https:\/\/www.sssv.org\/17\/wp-content\/uploads\/2025\/07\/Arge-Alp-2025-Foto-Augschoell-233x300.jpg 233w, https:\/\/www.sssv.org\/17\/wp-content\/uploads\/2025\/07\/Arge-Alp-2025-Foto-Augschoell-326x420.jpg 326w, https:\/\/www.sssv.org\/17\/wp-content\/uploads\/2025\/07\/Arge-Alp-2025-Foto-Augschoell.jpg 486w\" sizes=\"(max-width: 297px) 100vw, 297px\" \/><\/td>\n<\/tr>\n<\/tbody>\n<\/table>\n<table style=\"border-collapse: collapse; width: 100%; height: 394px;\">\n<tbody>\n<tr style=\"height: 394px;\">\n<td style=\"width: 47.1264%; height: 394px;\"><img loading=\"lazy\" class=\"alignnone wp-image-5495\" src=\"https:\/\/www.sssv.org\/17\/wp-content\/uploads\/2025\/07\/Arge-Alp-2025-Foto-Randi-190x300.jpg\" alt=\"\" width=\"253\" height=\"399\" srcset=\"https:\/\/www.sssv.org\/17\/wp-content\/uploads\/2025\/07\/Arge-Alp-2025-Foto-Randi-190x300.jpg 190w, https:\/\/www.sssv.org\/17\/wp-content\/uploads\/2025\/07\/Arge-Alp-2025-Foto-Randi.jpg 453w\" sizes=\"(max-width: 253px) 100vw, 253px\" \/><\/td>\n<td style=\"width: 52.8736%; height: 394px;\">Rang drei auch f\u00fcr Mirco Randi der Sportsch\u00fctzen Eppan mit der Luftpistole Herrenklasse<\/td>\n<\/tr>\n<\/tbody>\n<\/table>\n<table style=\"border-collapse: collapse; width: 100%; height: 342px;\">\n<tbody>\n<tr style=\"height: 342px;\">\n<td style=\"width: 24.2816%; height: 342px;\"><strong><span style=\"color: #ff0000;\">L\u00e4nderwertung<\/span><\/strong><br \/>\n1. Bayern<br \/>\n2. Tirol<br \/>\n3. S\u00fcdtirol und<br \/>\nVorarlberg<br \/>\n5. St.Gallen<br \/>\n6. Graub\u00fcnden<br \/>\n7. Salzburg<\/td>\n<td style=\"width: 75.7184%; height: 342px;\"><img loading=\"lazy\" class=\"alignnone wp-image-5498\" src=\"https:\/\/www.sssv.org\/17\/wp-content\/uploads\/2025\/07\/Arge-Alp-2025-Foto-Laenderwertung-300x206.jpg\" alt=\"\" width=\"496\" height=\"341\" srcset=\"https:\/\/www.sssv.org\/17\/wp-content\/uploads\/2025\/07\/Arge-Alp-2025-Foto-Laenderwertung-300x206.jpg 300w, https:\/\/www.sssv.org\/17\/wp-content\/uploads\/2025\/07\/Arge-Alp-2025-Foto-Laenderwertung-1024x702.jpg 1024w, https:\/\/www.sssv.org\/17\/wp-content\/uploads\/2025\/07\/Arge-Alp-2025-Foto-Laenderwertung-768x526.jpg 768w, https:\/\/www.sssv.org\/17\/wp-content\/uploads\/2025\/07\/Arge-Alp-2025-Foto-Laenderwertung-100x70.jpg 100w, https:\/\/www.sssv.org\/17\/wp-content\/uploads\/2025\/07\/Arge-Alp-2025-Foto-Laenderwertung-218x150.jpg 218w, https:\/\/www.sssv.org\/17\/wp-content\/uploads\/2025\/07\/Arge-Alp-2025-Foto-Laenderwertung-696x477.jpg 696w, https:\/\/www.sssv.org\/17\/wp-content\/uploads\/2025\/07\/Arge-Alp-2025-Foto-Laenderwertung-613x420.jpg 613w, https:\/\/www.sssv.org\/17\/wp-content\/uploads\/2025\/07\/Arge-Alp-2025-Foto-Laenderwertung.jpg 1064w\" sizes=\"(max-width: 496px) 100vw, 496px\" \/><\/td>\n<\/tr>\n<tr>\n<td style=\"width: 24.2816%;\"><strong><span style=\"color: #ff0000;\">\u00a0<\/span><\/strong><\/td>\n<td style=\"width: 75.7184%;\"><\/td>\n<\/tr>\n<\/tbody>\n<\/table>\n<p>Hier die gesamten Ergebnisse:\u00a0 <a href=\"https:\/\/www.sssv.org\/17\/wp-content\/uploads\/2025\/07\/Arge-Alp-2025-Ergebnisse.pdf\"><strong><span style=\"color: #ff0000;\">Arge Alp 2025 Ergebnisse<\/span><\/strong><\/a><\/p>\n<p>2026 findet der Arge Alp Wettkampf voraussichtlich in Nordtirol statt.<\/p>\n","protected":false},"excerpt":{"rendered":"<p>Der Arge Alp Wettkampf fand 2025 vom 17. bis 20. Juli in M\u00fcnchen Hochbr\u00fcck. <\/p>\n","protected":false},"author":2,"featured_media":5497,"comment_status":"closed","ping_status":"closed","sticky":false,"template":"","format":"standard","meta":[],"categories":[48,92],"tags":[],"yoast_head":"<!-- This site is optimized with the Yoast SEO plugin v17.8 - https:\/\/yoast.com\/wordpress\/plugins\/seo\/ -->\n<meta name=\"robots\" content=\"index, follow, max-snippet:-1, max-image-preview:large, max-video-preview:-1\" \/>\n<link rel=\"canonical\" href=\"https:\/\/www.sssv.org\/17\/2025\/07\/23\/arge-alp-2025\/\" \/>\n<meta property=\"og:locale\" content=\"de_DE\" \/>\n<meta property=\"og:type\" content=\"article\" \/>\n<meta property=\"og:title\" content=\"Arge Alp 2025 in M\u00fcnchen Hochbr\u00fcck - SSSV\" \/>\n<meta property=\"og:description\" content=\"Der Arge Alp Wettkampf fand 2025 vom 17. bis 20. Juli in M\u00fcnchen Hochbr\u00fcck.\" \/>\n<meta property=\"og:url\" content=\"https:\/\/www.sssv.org\/17\/2025\/07\/23\/arge-alp-2025\/\" \/>\n<meta property=\"og:site_name\" content=\"SSSV\" \/>\n<meta property=\"article:published_time\" content=\"2025-07-23T14:46:23+00:00\" \/>\n<meta property=\"article:modified_time\" content=\"2025-07-24T15:25:54+00:00\" \/>\n<meta property=\"og:image\" content=\"https:\/\/www.sssv.org\/17\/wp-content\/uploads\/2025\/07\/Arge-Alp-2025-Titel.jpg\" \/>\n\t<meta property=\"og:image:width\" content=\"808\" \/>\n\t<meta property=\"og:image:height\" content=\"606\" \/>\n<meta name=\"twitter:card\" content=\"summary_large_image\" \/>\n<meta name=\"twitter:label1\" content=\"Verfasst von\" \/>\n\t<meta name=\"twitter:data1\" content=\"SSSV Redaktion\" \/>\n\t<meta name=\"twitter:label2\" content=\"Gesch\u00e4tzte Lesezeit\" \/>\n\t<meta name=\"twitter:data2\" content=\"3\u00a0Minuten\" \/>\n<script type=\"application\/ld+json\" class=\"yoast-schema-graph\">{\"@context\":\"https:\/\/schema.org\",\"@graph\":[{\"@type\":\"WebSite\",\"@id\":\"https:\/\/www.sssv.org\/17\/#website\",\"url\":\"https:\/\/www.sssv.org\/17\/\",\"name\":\"SSSV\",\"description\":\"S\\u00fcdtiroler Sportsch\\u00fctzenverband\",\"potentialAction\":[{\"@type\":\"SearchAction\",\"target\":{\"@type\":\"EntryPoint\",\"urlTemplate\":\"https:\/\/www.sssv.org\/17\/?s={search_term_string}\"},\"query-input\":\"required name=search_term_string\"}],\"inLanguage\":\"de\"},{\"@type\":\"ImageObject\",\"@id\":\"https:\/\/www.sssv.org\/17\/2025\/07\/23\/arge-alp-2025\/#primaryimage\",\"inLanguage\":\"de\",\"url\":\"https:\/\/www.sssv.org\/17\/wp-content\/uploads\/2025\/07\/Arge-Alp-2025-Titel.jpg\",\"contentUrl\":\"https:\/\/www.sssv.org\/17\/wp-content\/uploads\/2025\/07\/Arge-Alp-2025-Titel.jpg\",\"width\":808,\"height\":606},{\"@type\":\"WebPage\",\"@id\":\"https:\/\/www.sssv.org\/17\/2025\/07\/23\/arge-alp-2025\/#webpage\",\"url\":\"https:\/\/www.sssv.org\/17\/2025\/07\/23\/arge-alp-2025\/\",\"name\":\"Arge Alp 2025 in M\\u00fcnchen Hochbr\\u00fcck - SSSV\",\"isPartOf\":{\"@id\":\"https:\/\/www.sssv.org\/17\/#website\"},\"primaryImageOfPage\":{\"@id\":\"https:\/\/www.sssv.org\/17\/2025\/07\/23\/arge-alp-2025\/#primaryimage\"},\"datePublished\":\"2025-07-23T14:46:23+00:00\",\"dateModified\":\"2025-07-24T15:25:54+00:00\",\"author\":{\"@id\":\"https:\/\/www.sssv.org\/17\/#\/schema\/person\/2fec90b42a865cdda80ed8c8c7e8fd0b\"},\"breadcrumb\":{\"@id\":\"https:\/\/www.sssv.org\/17\/2025\/07\/23\/arge-alp-2025\/#breadcrumb\"},\"inLanguage\":\"de\",\"potentialAction\":[{\"@type\":\"ReadAction\",\"target\":[\"https:\/\/www.sssv.org\/17\/2025\/07\/23\/arge-alp-2025\/\"]}]},{\"@type\":\"BreadcrumbList\",\"@id\":\"https:\/\/www.sssv.org\/17\/2025\/07\/23\/arge-alp-2025\/#breadcrumb\",\"itemListElement\":[{\"@type\":\"ListItem\",\"position\":1,\"name\":\"Startseite\",\"item\":\"https:\/\/www.sssv.org\/17\/\"},{\"@type\":\"ListItem\",\"position\":2,\"name\":\"Arge Alp 2025 in M\\u00fcnchen Hochbr\\u00fcck\"}]},{\"@type\":\"Person\",\"@id\":\"https:\/\/www.sssv.org\/17\/#\/schema\/person\/2fec90b42a865cdda80ed8c8c7e8fd0b\",\"name\":\"SSSV Redaktion\",\"image\":{\"@type\":\"ImageObject\",\"@id\":\"https:\/\/www.sssv.org\/17\/#personlogo\",\"inLanguage\":\"de\",\"url\":\"https:\/\/secure.gravatar.com\/avatar\/ee6db80c08330a1654e85f3ca11421e8?s=96&d=mm&r=g\",\"contentUrl\":\"https:\/\/secure.gravatar.com\/avatar\/ee6db80c08330a1654e85f3ca11421e8?s=96&d=mm&r=g\",\"caption\":\"SSSV Redaktion\"},\"url\":\"https:\/\/www.sssv.org\/17\/author\/sssv-redaktion\/\"}]}<\/script>\n<!-- \/ Yoast SEO plugin. -->","yoast_head_json":{"robots":{"index":"index","follow":"follow","max-snippet":"max-snippet:-1","max-image-preview":"max-image-preview:large","max-video-preview":"max-video-preview:-1"},"canonical":"https:\/\/www.sssv.org\/17\/2025\/07\/23\/arge-alp-2025\/","og_locale":"de_DE","og_type":"article","og_title":"Arge Alp 2025 in M\u00fcnchen Hochbr\u00fcck - SSSV","og_description":"Der Arge Alp Wettkampf fand 2025 vom 17. bis 20. Juli in M\u00fcnchen Hochbr\u00fcck.","og_url":"https:\/\/www.sssv.org\/17\/2025\/07\/23\/arge-alp-2025\/","og_site_name":"SSSV","article_published_time":"2025-07-23T14:46:23+00:00","article_modified_time":"2025-07-24T15:25:54+00:00","og_image":[{"width":808,"height":606,"url":"https:\/\/www.sssv.org\/17\/wp-content\/uploads\/2025\/07\/Arge-Alp-2025-Titel.jpg","type":"image\/jpeg"}],"twitter_card":"summary_large_image","twitter_misc":{"Verfasst von":"SSSV Redaktion","Gesch\u00e4tzte Lesezeit":"3\u00a0Minuten"},"schema":{"@context":"https:\/\/schema.org","@graph":[{"@type":"WebSite","@id":"https:\/\/www.sssv.org\/17\/#website","url":"https:\/\/www.sssv.org\/17\/","name":"SSSV","description":"S\u00fcdtiroler Sportsch\u00fctzenverband","potentialAction":[{"@type":"SearchAction","target":{"@type":"EntryPoint","urlTemplate":"https:\/\/www.sssv.org\/17\/?s={search_term_string}"},"query-input":"required name=search_term_string"}],"inLanguage":"de"},{"@type":"ImageObject","@id":"https:\/\/www.sssv.org\/17\/2025\/07\/23\/arge-alp-2025\/#primaryimage","inLanguage":"de","url":"https:\/\/www.sssv.org\/17\/wp-content\/uploads\/2025\/07\/Arge-Alp-2025-Titel.jpg","contentUrl":"https:\/\/www.sssv.org\/17\/wp-content\/uploads\/2025\/07\/Arge-Alp-2025-Titel.jpg","width":808,"height":606},{"@type":"WebPage","@id":"https:\/\/www.sssv.org\/17\/2025\/07\/23\/arge-alp-2025\/#webpage","url":"https:\/\/www.sssv.org\/17\/2025\/07\/23\/arge-alp-2025\/","name":"Arge Alp 2025 in M\u00fcnchen Hochbr\u00fcck - SSSV","isPartOf":{"@id":"https:\/\/www.sssv.org\/17\/#website"},"primaryImageOfPage":{"@id":"https:\/\/www.sssv.org\/17\/2025\/07\/23\/arge-alp-2025\/#primaryimage"},"datePublished":"2025-07-23T14:46:23+00:00","dateModified":"2025-07-24T15:25:54+00:00","author":{"@id":"https:\/\/www.sssv.org\/17\/#\/schema\/person\/2fec90b42a865cdda80ed8c8c7e8fd0b"},"breadcrumb":{"@id":"https:\/\/www.sssv.org\/17\/2025\/07\/23\/arge-alp-2025\/#breadcrumb"},"inLanguage":"de","potentialAction":[{"@type":"ReadAction","target":["https:\/\/www.sssv.org\/17\/2025\/07\/23\/arge-alp-2025\/"]}]},{"@type":"BreadcrumbList","@id":"https:\/\/www.sssv.org\/17\/2025\/07\/23\/arge-alp-2025\/#breadcrumb","itemListElement":[{"@type":"ListItem","position":1,"name":"Startseite","item":"https:\/\/www.sssv.org\/17\/"},{"@type":"ListItem","position":2,"name":"Arge Alp 2025 in M\u00fcnchen Hochbr\u00fcck"}]},{"@type":"Person","@id":"https:\/\/www.sssv.org\/17\/#\/schema\/person\/2fec90b42a865cdda80ed8c8c7e8fd0b","name":"SSSV Redaktion","image":{"@type":"ImageObject","@id":"https:\/\/www.sssv.org\/17\/#personlogo","inLanguage":"de","url":"https:\/\/secure.gravatar.com\/avatar\/ee6db80c08330a1654e85f3ca11421e8?s=96&d=mm&r=g","contentUrl":"https:\/\/secure.gravatar.com\/avatar\/ee6db80c08330a1654e85f3ca11421e8?s=96&d=mm&r=g","caption":"SSSV Redaktion"},"url":"https:\/\/www.sssv.org\/17\/author\/sssv-redaktion\/"}]}},"_links":{"self":[{"href":"https:\/\/www.sssv.org\/17\/wp-json\/wp\/v2\/posts\/5501"}],"collection":[{"href":"https:\/\/www.sssv.org\/17\/wp-json\/wp\/v2\/posts"}],"about":[{"href":"https:\/\/www.sssv.org\/17\/wp-json\/wp\/v2\/types\/post"}],"author":[{"embeddable":true,"href":"https:\/\/www.sssv.org\/17\/wp-json\/wp\/v2\/users\/2"}],"replies":[{"embeddable":true,"href":"https:\/\/www.sssv.org\/17\/wp-json\/wp\/v2\/comments?post=5501"}],"version-history":[{"count":8,"href":"https:\/\/www.sssv.org\/17\/wp-json\/wp\/v2\/posts\/5501\/revisions"}],"predecessor-version":[{"id":5509,"href":"https:\/\/www.sssv.org\/17\/wp-json\/wp\/v2\/posts\/5501\/revisions\/5509"}],"wp:featuredmedia":[{"embeddable":true,"href":"https:\/\/www.sssv.org\/17\/wp-json\/wp\/v2\/media\/5497"}],"wp:attachment":[{"href":"https:\/\/www.sssv.org\/17\/wp-json\/wp\/v2\/media?parent=5501"}],"wp:term":[{"taxonomy":"category","embeddable":true,"href":"https:\/\/www.sssv.org\/17\/wp-json\/wp\/v2\/categories?post=5501"},{"taxonomy":"post_tag","embeddable":true,"href":"https:\/\/www.sssv.org\/17\/wp-json\/wp\/v2\/tags?post=5501"}],"curies":[{"name":"wp","href":"https:\/\/api.w.org\/{rel}","templated":true}]}}