{"id":5468,"date":"2025-06-10T16:00:39","date_gmt":"2025-06-10T14:00:39","guid":{"rendered":"https:\/\/www.sssv.org\/17\/?p=5468"},"modified":"2025-06-10T16:44:36","modified_gmt":"2025-06-10T14:44:36","slug":"sommerschiessen-schnals-2025","status":"publish","type":"post","link":"https:\/\/www.sssv.org\/17\/2025\/06\/10\/sommerschiessen-schnals-2025\/","title":{"rendered":"71. Sommerschie\u00dfen Schnals"},"content":{"rendered":"<p><strong><span style=\"color: #ff0000; font-size: 14pt;\">71. Sommerschie\u00dfen in Schnals<\/span><\/strong><\/p>\n<p>Am Schie\u00dfstand zu Unser Frau in Schnals wird am Sonntag, den 13. Juli 2025 das 71. Sommerschie\u00dfen mit Kleinkaliber er\u00f6ffnet.<\/p>\n<p>Schie\u00dfstage:<\/p>\n<p>13. \/ 14. \/ 19. \/ 20. \/21. \/ 25. \/ 26. \/ 27. \/ 28. Juli &#8211; 1. \/ 2. \/ 3. August 2025<\/p>\n<p>Schie\u00dfzeiten:<\/p>\n<p>Sonntags von 10.00 Uhr bis 12.30 Uhr und von 14.30 Uhr bis 20.30 Uhr<\/p>\n<p>Werktags von 09.00 Uhr bis 12.30 Uhr und von 14.30 bis 20.30 Uhr<\/p>\n<p><span style=\"color: #ff0000;\"><img loading=\"lazy\" class=\"alignnone wp-image-5466\" src=\"https:\/\/www.sssv.org\/17\/wp-content\/uploads\/2025\/06\/Ladschreiben-Schnals-2025-144x300.jpg\" alt=\"\" width=\"135\" height=\"281\" srcset=\"https:\/\/www.sssv.org\/17\/wp-content\/uploads\/2025\/06\/Ladschreiben-Schnals-2025-144x300.jpg 144w, https:\/\/www.sssv.org\/17\/wp-content\/uploads\/2025\/06\/Ladschreiben-Schnals-2025-202x420.jpg 202w, https:\/\/www.sssv.org\/17\/wp-content\/uploads\/2025\/06\/Ladschreiben-Schnals-2025.jpg 368w\" sizes=\"(max-width: 135px) 100vw, 135px\" \/> \u00a0 <a href=\"https:\/\/www.sssv.org\/17\/wp-content\/uploads\/2025\/06\/Sommerschiessen-Ladschreiben-2025-DT.pdf\"><strong><span style=\"color: #ff0000;\">Download Ladschreiben 2025<\/span><\/strong><\/a><\/span><\/p>\n<p>&nbsp;<\/p>\n","protected":false},"excerpt":{"rendered":"<p>Am Schie\u00dfstand zu Unser Frau in Schnals wird jedes Jahr das Sommerschie\u00dfen mit Kleinkaliber abgehalten.<\/p>\n","protected":false},"author":2,"featured_media":5465,"comment_status":"closed","ping_status":"closed","sticky":false,"template":"","format":"standard","meta":[],"categories":[53,1,58,48],"tags":[],"yoast_head":"<!-- This site is optimized with the Yoast SEO plugin v17.8 - https:\/\/yoast.com\/wordpress\/plugins\/seo\/ -->\n<meta name=\"robots\" content=\"index, follow, max-snippet:-1, max-image-preview:large, max-video-preview:-1\" \/>\n<link rel=\"canonical\" href=\"https:\/\/www.sssv.org\/17\/2025\/06\/10\/sommerschiessen-schnals-2025\/\" \/>\n<meta property=\"og:locale\" content=\"de_DE\" \/>\n<meta property=\"og:type\" content=\"article\" \/>\n<meta property=\"og:title\" content=\"71. Sommerschie\u00dfen Schnals - SSSV\" \/>\n<meta property=\"og:description\" content=\"Am Schie\u00dfstand zu Unser Frau in Schnals wird jedes Jahr das Sommerschie\u00dfen mit Kleinkaliber abgehalten.\" \/>\n<meta property=\"og:url\" content=\"https:\/\/www.sssv.org\/17\/2025\/06\/10\/sommerschiessen-schnals-2025\/\" \/>\n<meta property=\"og:site_name\" content=\"SSSV\" \/>\n<meta property=\"article:published_time\" content=\"2025-06-10T14:00:39+00:00\" \/>\n<meta property=\"article:modified_time\" content=\"2025-06-10T14:44:36+00:00\" \/>\n<meta property=\"og:image\" content=\"https:\/\/www.sssv.org\/17\/wp-content\/uploads\/2025\/06\/Titel-Schnals-2025.jpg\" \/>\n\t<meta property=\"og:image:width\" content=\"802\" \/>\n\t<meta property=\"og:image:height\" content=\"606\" \/>\n<meta name=\"twitter:card\" content=\"summary_large_image\" \/>\n<meta name=\"twitter:label1\" content=\"Verfasst von\" \/>\n\t<meta name=\"twitter:data1\" content=\"SSSV Redaktion\" \/>\n\t<meta name=\"twitter:label2\" content=\"Gesch\u00e4tzte Lesezeit\" \/>\n\t<meta name=\"twitter:data2\" content=\"1\u00a0Minute\" \/>\n<script type=\"application\/ld+json\" class=\"yoast-schema-graph\">{\"@context\":\"https:\/\/schema.org\",\"@graph\":[{\"@type\":\"WebSite\",\"@id\":\"https:\/\/www.sssv.org\/17\/#website\",\"url\":\"https:\/\/www.sssv.org\/17\/\",\"name\":\"SSSV\",\"description\":\"S\\u00fcdtiroler Sportsch\\u00fctzenverband\",\"potentialAction\":[{\"@type\":\"SearchAction\",\"target\":{\"@type\":\"EntryPoint\",\"urlTemplate\":\"https:\/\/www.sssv.org\/17\/?s={search_term_string}\"},\"query-input\":\"required name=search_term_string\"}],\"inLanguage\":\"de\"},{\"@type\":\"ImageObject\",\"@id\":\"https:\/\/www.sssv.org\/17\/2025\/06\/10\/sommerschiessen-schnals-2025\/#primaryimage\",\"inLanguage\":\"de\",\"url\":\"https:\/\/www.sssv.org\/17\/wp-content\/uploads\/2025\/06\/Titel-Schnals-2025.jpg\",\"contentUrl\":\"https:\/\/www.sssv.org\/17\/wp-content\/uploads\/2025\/06\/Titel-Schnals-2025.jpg\",\"width\":802,\"height\":606},{\"@type\":\"WebPage\",\"@id\":\"https:\/\/www.sssv.org\/17\/2025\/06\/10\/sommerschiessen-schnals-2025\/#webpage\",\"url\":\"https:\/\/www.sssv.org\/17\/2025\/06\/10\/sommerschiessen-schnals-2025\/\",\"name\":\"71. Sommerschie\\u00dfen Schnals - SSSV\",\"isPartOf\":{\"@id\":\"https:\/\/www.sssv.org\/17\/#website\"},\"primaryImageOfPage\":{\"@id\":\"https:\/\/www.sssv.org\/17\/2025\/06\/10\/sommerschiessen-schnals-2025\/#primaryimage\"},\"datePublished\":\"2025-06-10T14:00:39+00:00\",\"dateModified\":\"2025-06-10T14:44:36+00:00\",\"author\":{\"@id\":\"https:\/\/www.sssv.org\/17\/#\/schema\/person\/2fec90b42a865cdda80ed8c8c7e8fd0b\"},\"breadcrumb\":{\"@id\":\"https:\/\/www.sssv.org\/17\/2025\/06\/10\/sommerschiessen-schnals-2025\/#breadcrumb\"},\"inLanguage\":\"de\",\"potentialAction\":[{\"@type\":\"ReadAction\",\"target\":[\"https:\/\/www.sssv.org\/17\/2025\/06\/10\/sommerschiessen-schnals-2025\/\"]}]},{\"@type\":\"BreadcrumbList\",\"@id\":\"https:\/\/www.sssv.org\/17\/2025\/06\/10\/sommerschiessen-schnals-2025\/#breadcrumb\",\"itemListElement\":[{\"@type\":\"ListItem\",\"position\":1,\"name\":\"Startseite\",\"item\":\"https:\/\/www.sssv.org\/17\/\"},{\"@type\":\"ListItem\",\"position\":2,\"name\":\"71. Sommerschie\\u00dfen Schnals\"}]},{\"@type\":\"Person\",\"@id\":\"https:\/\/www.sssv.org\/17\/#\/schema\/person\/2fec90b42a865cdda80ed8c8c7e8fd0b\",\"name\":\"SSSV Redaktion\",\"image\":{\"@type\":\"ImageObject\",\"@id\":\"https:\/\/www.sssv.org\/17\/#personlogo\",\"inLanguage\":\"de\",\"url\":\"https:\/\/secure.gravatar.com\/avatar\/ee6db80c08330a1654e85f3ca11421e8?s=96&d=mm&r=g\",\"contentUrl\":\"https:\/\/secure.gravatar.com\/avatar\/ee6db80c08330a1654e85f3ca11421e8?s=96&d=mm&r=g\",\"caption\":\"SSSV Redaktion\"},\"url\":\"https:\/\/www.sssv.org\/17\/author\/sssv-redaktion\/\"}]}<\/script>\n<!-- \/ Yoast SEO plugin. -->","yoast_head_json":{"robots":{"index":"index","follow":"follow","max-snippet":"max-snippet:-1","max-image-preview":"max-image-preview:large","max-video-preview":"max-video-preview:-1"},"canonical":"https:\/\/www.sssv.org\/17\/2025\/06\/10\/sommerschiessen-schnals-2025\/","og_locale":"de_DE","og_type":"article","og_title":"71. Sommerschie\u00dfen Schnals - SSSV","og_description":"Am Schie\u00dfstand zu Unser Frau in Schnals wird jedes Jahr das Sommerschie\u00dfen mit Kleinkaliber abgehalten.","og_url":"https:\/\/www.sssv.org\/17\/2025\/06\/10\/sommerschiessen-schnals-2025\/","og_site_name":"SSSV","article_published_time":"2025-06-10T14:00:39+00:00","article_modified_time":"2025-06-10T14:44:36+00:00","og_image":[{"width":802,"height":606,"url":"https:\/\/www.sssv.org\/17\/wp-content\/uploads\/2025\/06\/Titel-Schnals-2025.jpg","type":"image\/jpeg"}],"twitter_card":"summary_large_image","twitter_misc":{"Verfasst von":"SSSV Redaktion","Gesch\u00e4tzte Lesezeit":"1\u00a0Minute"},"schema":{"@context":"https:\/\/schema.org","@graph":[{"@type":"WebSite","@id":"https:\/\/www.sssv.org\/17\/#website","url":"https:\/\/www.sssv.org\/17\/","name":"SSSV","description":"S\u00fcdtiroler Sportsch\u00fctzenverband","potentialAction":[{"@type":"SearchAction","target":{"@type":"EntryPoint","urlTemplate":"https:\/\/www.sssv.org\/17\/?s={search_term_string}"},"query-input":"required name=search_term_string"}],"inLanguage":"de"},{"@type":"ImageObject","@id":"https:\/\/www.sssv.org\/17\/2025\/06\/10\/sommerschiessen-schnals-2025\/#primaryimage","inLanguage":"de","url":"https:\/\/www.sssv.org\/17\/wp-content\/uploads\/2025\/06\/Titel-Schnals-2025.jpg","contentUrl":"https:\/\/www.sssv.org\/17\/wp-content\/uploads\/2025\/06\/Titel-Schnals-2025.jpg","width":802,"height":606},{"@type":"WebPage","@id":"https:\/\/www.sssv.org\/17\/2025\/06\/10\/sommerschiessen-schnals-2025\/#webpage","url":"https:\/\/www.sssv.org\/17\/2025\/06\/10\/sommerschiessen-schnals-2025\/","name":"71. Sommerschie\u00dfen Schnals - SSSV","isPartOf":{"@id":"https:\/\/www.sssv.org\/17\/#website"},"primaryImageOfPage":{"@id":"https:\/\/www.sssv.org\/17\/2025\/06\/10\/sommerschiessen-schnals-2025\/#primaryimage"},"datePublished":"2025-06-10T14:00:39+00:00","dateModified":"2025-06-10T14:44:36+00:00","author":{"@id":"https:\/\/www.sssv.org\/17\/#\/schema\/person\/2fec90b42a865cdda80ed8c8c7e8fd0b"},"breadcrumb":{"@id":"https:\/\/www.sssv.org\/17\/2025\/06\/10\/sommerschiessen-schnals-2025\/#breadcrumb"},"inLanguage":"de","potentialAction":[{"@type":"ReadAction","target":["https:\/\/www.sssv.org\/17\/2025\/06\/10\/sommerschiessen-schnals-2025\/"]}]},{"@type":"BreadcrumbList","@id":"https:\/\/www.sssv.org\/17\/2025\/06\/10\/sommerschiessen-schnals-2025\/#breadcrumb","itemListElement":[{"@type":"ListItem","position":1,"name":"Startseite","item":"https:\/\/www.sssv.org\/17\/"},{"@type":"ListItem","position":2,"name":"71. Sommerschie\u00dfen Schnals"}]},{"@type":"Person","@id":"https:\/\/www.sssv.org\/17\/#\/schema\/person\/2fec90b42a865cdda80ed8c8c7e8fd0b","name":"SSSV Redaktion","image":{"@type":"ImageObject","@id":"https:\/\/www.sssv.org\/17\/#personlogo","inLanguage":"de","url":"https:\/\/secure.gravatar.com\/avatar\/ee6db80c08330a1654e85f3ca11421e8?s=96&d=mm&r=g","contentUrl":"https:\/\/secure.gravatar.com\/avatar\/ee6db80c08330a1654e85f3ca11421e8?s=96&d=mm&r=g","caption":"SSSV Redaktion"},"url":"https:\/\/www.sssv.org\/17\/author\/sssv-redaktion\/"}]}},"_links":{"self":[{"href":"https:\/\/www.sssv.org\/17\/wp-json\/wp\/v2\/posts\/5468"}],"collection":[{"href":"https:\/\/www.sssv.org\/17\/wp-json\/wp\/v2\/posts"}],"about":[{"href":"https:\/\/www.sssv.org\/17\/wp-json\/wp\/v2\/types\/post"}],"author":[{"embeddable":true,"href":"https:\/\/www.sssv.org\/17\/wp-json\/wp\/v2\/users\/2"}],"replies":[{"embeddable":true,"href":"https:\/\/www.sssv.org\/17\/wp-json\/wp\/v2\/comments?post=5468"}],"version-history":[{"count":5,"href":"https:\/\/www.sssv.org\/17\/wp-json\/wp\/v2\/posts\/5468\/revisions"}],"predecessor-version":[{"id":5473,"href":"https:\/\/www.sssv.org\/17\/wp-json\/wp\/v2\/posts\/5468\/revisions\/5473"}],"wp:featuredmedia":[{"embeddable":true,"href":"https:\/\/www.sssv.org\/17\/wp-json\/wp\/v2\/media\/5465"}],"wp:attachment":[{"href":"https:\/\/www.sssv.org\/17\/wp-json\/wp\/v2\/media?parent=5468"}],"wp:term":[{"taxonomy":"category","embeddable":true,"href":"https:\/\/www.sssv.org\/17\/wp-json\/wp\/v2\/categories?post=5468"},{"taxonomy":"post_tag","embeddable":true,"href":"https:\/\/www.sssv.org\/17\/wp-json\/wp\/v2\/tags?post=5468"}],"curies":[{"name":"wp","href":"https:\/\/api.w.org\/{rel}","templated":true}]}}