{"id":3740,"date":"2021-07-04T17:00:52","date_gmt":"2021-07-04T15:00:52","guid":{"rendered":"https:\/\/www.sssv.org\/17\/?p=3740"},"modified":"2021-10-31T12:11:03","modified_gmt":"2021-10-31T11:11:03","slug":"wahlen-uits-2021","status":"publish","type":"post","link":"https:\/\/www.sssv.org\/17\/2021\/07\/04\/wahlen-uits-2021\/","title":{"rendered":"Vorstandswahlen der UITS in Rom"},"content":{"rendered":"<div class=\"layoutArea\">\n<div class=\"column\">\n<p><strong>Der italienische Sportsch\u00fctzenverband UITS hat die Wahlen f\u00fcr die 4-j\u00e4hrige Zeitspanne 2021-2025 f\u00fcr den Pr\u00e4sidenten und den Vorstand am 3. Juli 2021 in Rom durchgef\u00fchrt.<\/strong><\/p>\n<p><img loading=\"lazy\" class=\"alignnone wp-image-3738\" src=\"https:\/\/www.sssv.org\/17\/wp-content\/uploads\/2021\/07\/UITS-Wahlen-06-2021-Saal-300x163.jpg\" alt=\"\" width=\"399\" height=\"217\" srcset=\"https:\/\/www.sssv.org\/17\/wp-content\/uploads\/2021\/07\/UITS-Wahlen-06-2021-Saal-300x163.jpg 300w, https:\/\/www.sssv.org\/17\/wp-content\/uploads\/2021\/07\/UITS-Wahlen-06-2021-Saal-768x416.jpg 768w, https:\/\/www.sssv.org\/17\/wp-content\/uploads\/2021\/07\/UITS-Wahlen-06-2021-Saal-640x347.jpg 640w, https:\/\/www.sssv.org\/17\/wp-content\/uploads\/2021\/07\/UITS-Wahlen-06-2021-Saal-696x377.jpg 696w, https:\/\/www.sssv.org\/17\/wp-content\/uploads\/2021\/07\/UITS-Wahlen-06-2021-Saal-775x420.jpg 775w, https:\/\/www.sssv.org\/17\/wp-content\/uploads\/2021\/07\/UITS-Wahlen-06-2021-Saal.jpg 917w\" sizes=\"(max-width: 399px) 100vw, 399px\" \/> 365 Stimmberechtige waren present.<br \/>\nVon den wahlberechtigten Sektionen erschienen 247 Pr\u00e4sidenten oder wurden duch eine Vollmacht vertreten. Auch 64 wahlberechtigte Vertreter der Athleten, sowie 54 Vertreter der Techniker waren anwesend und w\u00e4hlten ihre Vetreter.<\/p>\n<p><img loading=\"lazy\" class=\"alignnone wp-image-3737\" src=\"https:\/\/www.sssv.org\/17\/wp-content\/uploads\/2021\/07\/UITS-Wahlen-06-2021-Vespasiano-300x288.jpg\" alt=\"\" width=\"178\" height=\"171\" srcset=\"https:\/\/www.sssv.org\/17\/wp-content\/uploads\/2021\/07\/UITS-Wahlen-06-2021-Vespasiano-300x288.jpg 300w, https:\/\/www.sssv.org\/17\/wp-content\/uploads\/2021\/07\/UITS-Wahlen-06-2021-Vespasiano.jpg 363w\" sizes=\"(max-width: 178px) 100vw, 178px\" \/>\u00a0 Constantino Vespasiano wurde als neuer UITS Pr\u00e4sident gew\u00e4hlt.<br \/>\nDer langj\u00e4hrige UITS Pr\u00e4sident Ernfried Obrist aus Kaltern durfte wegen der neu eingef\u00fchrten Mandatsbeschr\u00e4nkung leider nicht mehr kandidieren.<\/p>\n<p>Zugleich wurde auch der neue UITS-Vorstand <em>(8 Personen)<\/em> gew\u00e4hlt. 26 Kandidaten schienen auf der Liste der zur Wahl zugelassenen Personen auf. \u00dcberraschend erhielt unser Kandidat Engelbert Zelger aus Auer \u00fcberlegen am meisten Stimmen und wird uns somit in Rom auf h\u00f6chster Ebene vertreten. Gratulation !<\/p>\n<p><img loading=\"lazy\" class=\"alignnone size-medium wp-image-3739\" src=\"https:\/\/www.sssv.org\/17\/wp-content\/uploads\/2021\/07\/UITS-Wahlen-06-2021-Zelger-293x300.jpg\" alt=\"\" width=\"293\" height=\"300\" srcset=\"https:\/\/www.sssv.org\/17\/wp-content\/uploads\/2021\/07\/UITS-Wahlen-06-2021-Zelger-293x300.jpg 293w, https:\/\/www.sssv.org\/17\/wp-content\/uploads\/2021\/07\/UITS-Wahlen-06-2021-Zelger-768x786.jpg 768w, https:\/\/www.sssv.org\/17\/wp-content\/uploads\/2021\/07\/UITS-Wahlen-06-2021-Zelger-640x655.jpg 640w, https:\/\/www.sssv.org\/17\/wp-content\/uploads\/2021\/07\/UITS-Wahlen-06-2021-Zelger-356x364.jpg 356w, https:\/\/www.sssv.org\/17\/wp-content\/uploads\/2021\/07\/UITS-Wahlen-06-2021-Zelger-696x712.jpg 696w, https:\/\/www.sssv.org\/17\/wp-content\/uploads\/2021\/07\/UITS-Wahlen-06-2021-Zelger-411x420.jpg 411w, https:\/\/www.sssv.org\/17\/wp-content\/uploads\/2021\/07\/UITS-Wahlen-06-2021-Zelger.jpg 867w\" sizes=\"(max-width: 293px) 100vw, 293px\" \/> Engelbert Zelger bei seiner Vorstellung<\/p>\n<p style=\"text-align: center;\"><img loading=\"lazy\" class=\"wp-image-3745 aligncenter\" src=\"https:\/\/www.sssv.org\/17\/wp-content\/uploads\/2021\/07\/UITS-Wahlen-06-2021-Vertreter-300x106.jpg\" alt=\"\" width=\"478\" height=\"169\" srcset=\"https:\/\/www.sssv.org\/17\/wp-content\/uploads\/2021\/07\/UITS-Wahlen-06-2021-Vertreter-300x106.jpg 300w, https:\/\/www.sssv.org\/17\/wp-content\/uploads\/2021\/07\/UITS-Wahlen-06-2021-Vertreter-768x270.jpg 768w, https:\/\/www.sssv.org\/17\/wp-content\/uploads\/2021\/07\/UITS-Wahlen-06-2021-Vertreter-640x225.jpg 640w, https:\/\/www.sssv.org\/17\/wp-content\/uploads\/2021\/07\/UITS-Wahlen-06-2021-Vertreter-696x245.jpg 696w, https:\/\/www.sssv.org\/17\/wp-content\/uploads\/2021\/07\/UITS-Wahlen-06-2021-Vertreter.jpg 961w\" sizes=\"(max-width: 478px) 100vw, 478px\" \/>Dies die S\u00fcdtiroler Delegation in Rom.<\/p>\n<p>Der Wahlverlauf war absolut demokratisch. Es wurden alle geltenden Vorschriften des Wahlvorganges und der W\u00e4hlbarkeiten eingehalten und von der ernannten Wahlkommission und dem Notar best\u00e4tigt.<\/p>\n<\/div>\n<div class=\"column\">\n<div class=\"layoutArea\">\n<div class=\"column\"><\/div>\n<div class=\"column\">\n<div class=\"column\">\n<p style=\"text-align: right;\">\n<\/div>\n<\/div>\n<\/div>\n<\/div>\n<\/div>\n","protected":false},"excerpt":{"rendered":"<p>Der italienische Sportsch\u00fctzenverband UITS hat die Wahlen f\u00fcr die 4-j\u00e4hrige, olympische Zeitspanne 2021-2025 f\u00fcr den Pr\u00e4sidenten und den Vorstand am 3. Juli 2021 in Rom durchgef\u00fchrt.<\/p>\n","protected":false},"author":2,"featured_media":3736,"comment_status":"closed","ping_status":"closed","sticky":false,"template":"","format":"standard","meta":[],"categories":[55],"tags":[],"yoast_head":"<!-- This site is optimized with the Yoast SEO plugin v17.8 - https:\/\/yoast.com\/wordpress\/plugins\/seo\/ -->\n<meta name=\"robots\" content=\"index, follow, max-snippet:-1, max-image-preview:large, max-video-preview:-1\" \/>\n<link rel=\"canonical\" href=\"https:\/\/www.sssv.org\/17\/2021\/07\/04\/wahlen-uits-2021\/\" \/>\n<meta property=\"og:locale\" content=\"de_DE\" \/>\n<meta property=\"og:type\" content=\"article\" \/>\n<meta property=\"og:title\" content=\"Vorstandswahlen der UITS in Rom - SSSV\" \/>\n<meta property=\"og:description\" content=\"Der italienische Sportsch\u00fctzenverband UITS hat die Wahlen f\u00fcr die 4-j\u00e4hrige, olympische Zeitspanne 2021-2025 f\u00fcr den Pr\u00e4sidenten und den Vorstand am 3. Juli 2021 in Rom durchgef\u00fchrt.\" \/>\n<meta property=\"og:url\" content=\"https:\/\/www.sssv.org\/17\/2021\/07\/04\/wahlen-uits-2021\/\" \/>\n<meta property=\"og:site_name\" content=\"SSSV\" \/>\n<meta property=\"article:published_time\" content=\"2021-07-04T15:00:52+00:00\" \/>\n<meta property=\"article:modified_time\" content=\"2021-10-31T11:11:03+00:00\" \/>\n<meta property=\"og:image\" content=\"https:\/\/www.sssv.org\/17\/wp-content\/uploads\/2021\/07\/UITS-Wahlen-06-2021.jpg\" \/>\n\t<meta property=\"og:image:width\" content=\"794\" \/>\n\t<meta property=\"og:image:height\" content=\"590\" \/>\n<meta name=\"twitter:card\" content=\"summary_large_image\" \/>\n<meta name=\"twitter:label1\" content=\"Verfasst von\" \/>\n\t<meta name=\"twitter:data1\" content=\"SSSV Redaktion\" \/>\n\t<meta name=\"twitter:label2\" content=\"Gesch\u00e4tzte Lesezeit\" \/>\n\t<meta name=\"twitter:data2\" content=\"1\u00a0Minute\" \/>\n<script type=\"application\/ld+json\" class=\"yoast-schema-graph\">{\"@context\":\"https:\/\/schema.org\",\"@graph\":[{\"@type\":\"WebSite\",\"@id\":\"https:\/\/www.sssv.org\/17\/#website\",\"url\":\"https:\/\/www.sssv.org\/17\/\",\"name\":\"SSSV\",\"description\":\"S\\u00fcdtiroler Sportsch\\u00fctzenverband\",\"potentialAction\":[{\"@type\":\"SearchAction\",\"target\":{\"@type\":\"EntryPoint\",\"urlTemplate\":\"https:\/\/www.sssv.org\/17\/?s={search_term_string}\"},\"query-input\":\"required name=search_term_string\"}],\"inLanguage\":\"de\"},{\"@type\":\"ImageObject\",\"@id\":\"https:\/\/www.sssv.org\/17\/2021\/07\/04\/wahlen-uits-2021\/#primaryimage\",\"inLanguage\":\"de\",\"url\":\"https:\/\/www.sssv.org\/17\/wp-content\/uploads\/2021\/07\/UITS-Wahlen-06-2021.jpg\",\"contentUrl\":\"https:\/\/www.sssv.org\/17\/wp-content\/uploads\/2021\/07\/UITS-Wahlen-06-2021.jpg\",\"width\":794,\"height\":590},{\"@type\":\"WebPage\",\"@id\":\"https:\/\/www.sssv.org\/17\/2021\/07\/04\/wahlen-uits-2021\/#webpage\",\"url\":\"https:\/\/www.sssv.org\/17\/2021\/07\/04\/wahlen-uits-2021\/\",\"name\":\"Vorstandswahlen der UITS in Rom - SSSV\",\"isPartOf\":{\"@id\":\"https:\/\/www.sssv.org\/17\/#website\"},\"primaryImageOfPage\":{\"@id\":\"https:\/\/www.sssv.org\/17\/2021\/07\/04\/wahlen-uits-2021\/#primaryimage\"},\"datePublished\":\"2021-07-04T15:00:52+00:00\",\"dateModified\":\"2021-10-31T11:11:03+00:00\",\"author\":{\"@id\":\"https:\/\/www.sssv.org\/17\/#\/schema\/person\/2fec90b42a865cdda80ed8c8c7e8fd0b\"},\"breadcrumb\":{\"@id\":\"https:\/\/www.sssv.org\/17\/2021\/07\/04\/wahlen-uits-2021\/#breadcrumb\"},\"inLanguage\":\"de\",\"potentialAction\":[{\"@type\":\"ReadAction\",\"target\":[\"https:\/\/www.sssv.org\/17\/2021\/07\/04\/wahlen-uits-2021\/\"]}]},{\"@type\":\"BreadcrumbList\",\"@id\":\"https:\/\/www.sssv.org\/17\/2021\/07\/04\/wahlen-uits-2021\/#breadcrumb\",\"itemListElement\":[{\"@type\":\"ListItem\",\"position\":1,\"name\":\"Startseite\",\"item\":\"https:\/\/www.sssv.org\/17\/\"},{\"@type\":\"ListItem\",\"position\":2,\"name\":\"Vorstandswahlen der UITS in Rom\"}]},{\"@type\":\"Person\",\"@id\":\"https:\/\/www.sssv.org\/17\/#\/schema\/person\/2fec90b42a865cdda80ed8c8c7e8fd0b\",\"name\":\"SSSV Redaktion\",\"image\":{\"@type\":\"ImageObject\",\"@id\":\"https:\/\/www.sssv.org\/17\/#personlogo\",\"inLanguage\":\"de\",\"url\":\"https:\/\/secure.gravatar.com\/avatar\/ee6db80c08330a1654e85f3ca11421e8?s=96&d=mm&r=g\",\"contentUrl\":\"https:\/\/secure.gravatar.com\/avatar\/ee6db80c08330a1654e85f3ca11421e8?s=96&d=mm&r=g\",\"caption\":\"SSSV Redaktion\"},\"url\":\"https:\/\/www.sssv.org\/17\/author\/sssv-redaktion\/\"}]}<\/script>\n<!-- \/ Yoast SEO plugin. -->","yoast_head_json":{"robots":{"index":"index","follow":"follow","max-snippet":"max-snippet:-1","max-image-preview":"max-image-preview:large","max-video-preview":"max-video-preview:-1"},"canonical":"https:\/\/www.sssv.org\/17\/2021\/07\/04\/wahlen-uits-2021\/","og_locale":"de_DE","og_type":"article","og_title":"Vorstandswahlen der UITS in Rom - SSSV","og_description":"Der italienische Sportsch\u00fctzenverband UITS hat die Wahlen f\u00fcr die 4-j\u00e4hrige, olympische Zeitspanne 2021-2025 f\u00fcr den Pr\u00e4sidenten und den Vorstand am 3. Juli 2021 in Rom durchgef\u00fchrt.","og_url":"https:\/\/www.sssv.org\/17\/2021\/07\/04\/wahlen-uits-2021\/","og_site_name":"SSSV","article_published_time":"2021-07-04T15:00:52+00:00","article_modified_time":"2021-10-31T11:11:03+00:00","og_image":[{"width":794,"height":590,"url":"https:\/\/www.sssv.org\/17\/wp-content\/uploads\/2021\/07\/UITS-Wahlen-06-2021.jpg","type":"image\/jpeg"}],"twitter_card":"summary_large_image","twitter_misc":{"Verfasst von":"SSSV Redaktion","Gesch\u00e4tzte Lesezeit":"1\u00a0Minute"},"schema":{"@context":"https:\/\/schema.org","@graph":[{"@type":"WebSite","@id":"https:\/\/www.sssv.org\/17\/#website","url":"https:\/\/www.sssv.org\/17\/","name":"SSSV","description":"S\u00fcdtiroler Sportsch\u00fctzenverband","potentialAction":[{"@type":"SearchAction","target":{"@type":"EntryPoint","urlTemplate":"https:\/\/www.sssv.org\/17\/?s={search_term_string}"},"query-input":"required name=search_term_string"}],"inLanguage":"de"},{"@type":"ImageObject","@id":"https:\/\/www.sssv.org\/17\/2021\/07\/04\/wahlen-uits-2021\/#primaryimage","inLanguage":"de","url":"https:\/\/www.sssv.org\/17\/wp-content\/uploads\/2021\/07\/UITS-Wahlen-06-2021.jpg","contentUrl":"https:\/\/www.sssv.org\/17\/wp-content\/uploads\/2021\/07\/UITS-Wahlen-06-2021.jpg","width":794,"height":590},{"@type":"WebPage","@id":"https:\/\/www.sssv.org\/17\/2021\/07\/04\/wahlen-uits-2021\/#webpage","url":"https:\/\/www.sssv.org\/17\/2021\/07\/04\/wahlen-uits-2021\/","name":"Vorstandswahlen der UITS in Rom - SSSV","isPartOf":{"@id":"https:\/\/www.sssv.org\/17\/#website"},"primaryImageOfPage":{"@id":"https:\/\/www.sssv.org\/17\/2021\/07\/04\/wahlen-uits-2021\/#primaryimage"},"datePublished":"2021-07-04T15:00:52+00:00","dateModified":"2021-10-31T11:11:03+00:00","author":{"@id":"https:\/\/www.sssv.org\/17\/#\/schema\/person\/2fec90b42a865cdda80ed8c8c7e8fd0b"},"breadcrumb":{"@id":"https:\/\/www.sssv.org\/17\/2021\/07\/04\/wahlen-uits-2021\/#breadcrumb"},"inLanguage":"de","potentialAction":[{"@type":"ReadAction","target":["https:\/\/www.sssv.org\/17\/2021\/07\/04\/wahlen-uits-2021\/"]}]},{"@type":"BreadcrumbList","@id":"https:\/\/www.sssv.org\/17\/2021\/07\/04\/wahlen-uits-2021\/#breadcrumb","itemListElement":[{"@type":"ListItem","position":1,"name":"Startseite","item":"https:\/\/www.sssv.org\/17\/"},{"@type":"ListItem","position":2,"name":"Vorstandswahlen der UITS in Rom"}]},{"@type":"Person","@id":"https:\/\/www.sssv.org\/17\/#\/schema\/person\/2fec90b42a865cdda80ed8c8c7e8fd0b","name":"SSSV Redaktion","image":{"@type":"ImageObject","@id":"https:\/\/www.sssv.org\/17\/#personlogo","inLanguage":"de","url":"https:\/\/secure.gravatar.com\/avatar\/ee6db80c08330a1654e85f3ca11421e8?s=96&d=mm&r=g","contentUrl":"https:\/\/secure.gravatar.com\/avatar\/ee6db80c08330a1654e85f3ca11421e8?s=96&d=mm&r=g","caption":"SSSV Redaktion"},"url":"https:\/\/www.sssv.org\/17\/author\/sssv-redaktion\/"}]}},"_links":{"self":[{"href":"https:\/\/www.sssv.org\/17\/wp-json\/wp\/v2\/posts\/3740"}],"collection":[{"href":"https:\/\/www.sssv.org\/17\/wp-json\/wp\/v2\/posts"}],"about":[{"href":"https:\/\/www.sssv.org\/17\/wp-json\/wp\/v2\/types\/post"}],"author":[{"embeddable":true,"href":"https:\/\/www.sssv.org\/17\/wp-json\/wp\/v2\/users\/2"}],"replies":[{"embeddable":true,"href":"https:\/\/www.sssv.org\/17\/wp-json\/wp\/v2\/comments?post=3740"}],"version-history":[{"count":8,"href":"https:\/\/www.sssv.org\/17\/wp-json\/wp\/v2\/posts\/3740\/revisions"}],"predecessor-version":[{"id":3885,"href":"https:\/\/www.sssv.org\/17\/wp-json\/wp\/v2\/posts\/3740\/revisions\/3885"}],"wp:featuredmedia":[{"embeddable":true,"href":"https:\/\/www.sssv.org\/17\/wp-json\/wp\/v2\/media\/3736"}],"wp:attachment":[{"href":"https:\/\/www.sssv.org\/17\/wp-json\/wp\/v2\/media?parent=3740"}],"wp:term":[{"taxonomy":"category","embeddable":true,"href":"https:\/\/www.sssv.org\/17\/wp-json\/wp\/v2\/categories?post=3740"},{"taxonomy":"post_tag","embeddable":true,"href":"https:\/\/www.sssv.org\/17\/wp-json\/wp\/v2\/tags?post=3740"}],"curies":[{"name":"wp","href":"https:\/\/api.w.org\/{rel}","templated":true}]}}