{"id":2474,"date":"2019-05-12T18:12:46","date_gmt":"2019-05-12T16:12:46","guid":{"rendered":"http:\/\/www2.sssv.org\/17\/?p=2474"},"modified":"2020-12-01T11:37:26","modified_gmt":"2020-12-01T10:37:26","slug":"landeseinzel2019","status":"publish","type":"post","link":"https:\/\/www.sssv.org\/17\/2019\/05\/12\/landeseinzel2019\/","title":{"rendered":"Landeseinzel LG \/ LP 2019"},"content":{"rendered":"<p style=\"text-align: left;\"><span style=\"font-size: 12pt;\"><span style=\"color: #ff0000;\"><strong>Am zweiten Wochenende im Mai wurde auf dem Schie\u00dfstand in Meran das Landeseinzel 2019 <\/strong><\/span><span style=\"color: #ff0000;\"><strong>ausgetragen.<\/strong><\/span><\/span><\/p>\n<p>In den 5 Bezirken haben \u00fcber 200 Sch\u00fctzinnen\/Sch\u00fctzen die Bezirksmeisterschaft geschossen und 165 davon haben sich f\u00fcr das Landesfinale qualifiziert, das am Donnerstag 9., Freitag 10. und Samstag 11. Mai 2019 auf dem Schie\u00dfstand in Meran stattfand. Schlussendlich traten dann 109 Sch\u00fctzinnen \/ Sch\u00fctzen zu den Wettk\u00e4mpfen an. In den Kategorien LG \/ LP der Sch\u00fctzenklasse wurden der Sieger erst im Finalschie\u00dfen ermittelt.<\/p>\n<p><span style=\"color: #ff0000; font-size: 12pt;\">Medaillenspiegel:<\/span><\/p>\n<table style=\"width: 556px;\">\n<tbody>\n<tr>\n<td style=\"width: 38px; text-align: center;\"><span style=\"color: #ff0000;\">Rang<\/span><\/td>\n<td style=\"width: 170px; text-align: center;\"><span style=\"color: #ff0000;\">Bezirk<\/span><\/td>\n<td style=\"width: 100px; text-align: center;\"><span style=\"color: #ff0000;\">Gold<\/span><\/td>\n<td style=\"width: 77px; text-align: center;\"><span style=\"color: #ff0000;\">Silber<\/span><\/td>\n<td style=\"width: 67px; text-align: center;\"><span style=\"color: #ff0000;\">Bronze<\/span><\/td>\n<\/tr>\n<tr>\n<td style=\"width: 38px; text-align: center;\">1<\/td>\n<td style=\"width: 170px; text-align: center;\">Vinschgau<\/td>\n<td style=\"width: 100px; text-align: center;\">6<\/td>\n<td style=\"width: 77px; text-align: center;\">3<\/td>\n<td style=\"width: 67px; text-align: center;\">6<\/td>\n<\/tr>\n<tr>\n<td style=\"width: 38px; text-align: center;\">2<\/td>\n<td style=\"width: 170px; text-align: center;\">Bozen<\/td>\n<td style=\"width: 100px; text-align: center;\">6<\/td>\n<td style=\"width: 77px; text-align: center;\">3<\/td>\n<td style=\"width: 67px; text-align: center;\">1<\/td>\n<\/tr>\n<tr>\n<td style=\"width: 38px; text-align: center;\">3<\/td>\n<td style=\"width: 170px; text-align: center;\">Burggrafenamt<\/td>\n<td style=\"width: 100px; text-align: center;\">5<\/td>\n<td style=\"width: 77px; text-align: center;\">4<\/td>\n<td style=\"width: 67px; text-align: center;\">2<\/td>\n<\/tr>\n<tr>\n<td style=\"width: 38px; text-align: center;\">4<\/td>\n<td style=\"width: 170px; text-align: center;\">\u00dcberetsch\/Unterland<\/td>\n<td style=\"width: 100px; text-align: center;\">2<\/td>\n<td style=\"width: 77px; text-align: center;\">4<\/td>\n<td style=\"width: 67px; text-align: center;\">3<\/td>\n<\/tr>\n<tr>\n<td style=\"width: 38px; text-align: center;\">5<\/td>\n<td style=\"width: 170px; text-align: center;\">Eisacktal\/Pustertal<\/td>\n<td style=\"width: 100px; text-align: center;\">2<\/td>\n<td style=\"width: 77px; text-align: center;\">2<\/td>\n<td style=\"width: 67px; text-align: center;\">3<\/td>\n<\/tr>\n<\/tbody>\n<\/table>\n<p>&nbsp;<\/p>\n<p><img loading=\"lazy\" class=\"alignnone size-full wp-image-1633\" src=\"http:\/\/www2.sssv.org\/17\/wp-content\/uploads\/2018\/05\/Tabelle.jpg\" alt=\"\" width=\"80\" height=\"112\" \/>\u00a0 <a href=\"http:\/\/www.sssv.org\/17\/wp-content\/uploads\/2019\/04\/Landeseinzelfinale-Programm-2019.pdf\"><strong><span style=\"color: #ff0000;\">Programm 2019<\/span><\/strong><\/a>\u00a0\u00a0 <img loading=\"lazy\" class=\"alignnone size-full wp-image-1633\" src=\"http:\/\/www2.sssv.org\/17\/wp-content\/uploads\/2018\/05\/Tabelle.jpg\" alt=\"\" width=\"80\" height=\"112\" \/><strong>\u00a0 <a href=\"http:\/\/www.sssv.org\/17\/wp-content\/uploads\/2019\/05\/Landeseinzel-2019-Ergebnisse.pdf\"><span style=\"color: #ff0000;\">Landeseinzel 2019 Ergebnisse<\/span><\/a><br \/>\n<\/strong><\/p>\n","protected":false},"excerpt":{"rendered":"<p>Landeseinzel LG \/ LP 2019 findet am 9. \/ 10. \/ 11.  Mai 2019 auf dem Schie\u00dfstand in Meran statt.<\/p>\n","protected":false},"author":2,"featured_media":2519,"comment_status":"closed","ping_status":"open","sticky":false,"template":"","format":"standard","meta":[],"categories":[1,48,62,92],"tags":[],"yoast_head":"<!-- This site is optimized with the Yoast SEO plugin v17.8 - https:\/\/yoast.com\/wordpress\/plugins\/seo\/ -->\n<meta name=\"robots\" content=\"index, follow, max-snippet:-1, max-image-preview:large, max-video-preview:-1\" \/>\n<link rel=\"canonical\" href=\"https:\/\/www.sssv.org\/17\/2019\/05\/12\/landeseinzel2019\/\" \/>\n<meta property=\"og:locale\" content=\"de_DE\" \/>\n<meta property=\"og:type\" content=\"article\" \/>\n<meta property=\"og:title\" content=\"Landeseinzel LG \/ LP 2019 - SSSV\" \/>\n<meta property=\"og:description\" content=\"Landeseinzel LG \/ LP 2019 findet am 9. \/ 10. \/ 11. Mai 2019 auf dem Schie\u00dfstand in Meran statt.\" \/>\n<meta property=\"og:url\" content=\"https:\/\/www.sssv.org\/17\/2019\/05\/12\/landeseinzel2019\/\" \/>\n<meta property=\"og:site_name\" content=\"SSSV\" \/>\n<meta property=\"article:published_time\" content=\"2019-05-12T16:12:46+00:00\" \/>\n<meta property=\"article:modified_time\" content=\"2020-12-01T10:37:26+00:00\" \/>\n<meta property=\"og:image\" content=\"https:\/\/www.sssv.org\/17\/wp-content\/uploads\/2019\/05\/landesfinale2019lg.jpg\" \/>\n\t<meta property=\"og:image:width\" content=\"800\" \/>\n\t<meta property=\"og:image:height\" content=\"600\" \/>\n<meta name=\"twitter:card\" content=\"summary_large_image\" \/>\n<meta name=\"twitter:label1\" content=\"Verfasst von\" \/>\n\t<meta name=\"twitter:data1\" content=\"SSSV Redaktion\" \/>\n<script type=\"application\/ld+json\" class=\"yoast-schema-graph\">{\"@context\":\"https:\/\/schema.org\",\"@graph\":[{\"@type\":\"WebSite\",\"@id\":\"https:\/\/www.sssv.org\/17\/#website\",\"url\":\"https:\/\/www.sssv.org\/17\/\",\"name\":\"SSSV\",\"description\":\"S\\u00fcdtiroler Sportsch\\u00fctzenverband\",\"potentialAction\":[{\"@type\":\"SearchAction\",\"target\":{\"@type\":\"EntryPoint\",\"urlTemplate\":\"https:\/\/www.sssv.org\/17\/?s={search_term_string}\"},\"query-input\":\"required name=search_term_string\"}],\"inLanguage\":\"de\"},{\"@type\":\"ImageObject\",\"@id\":\"https:\/\/www.sssv.org\/17\/2019\/05\/12\/landeseinzel2019\/#primaryimage\",\"inLanguage\":\"de\",\"url\":\"https:\/\/www.sssv.org\/17\/wp-content\/uploads\/2019\/05\/landesfinale2019lg.jpg\",\"contentUrl\":\"https:\/\/www.sssv.org\/17\/wp-content\/uploads\/2019\/05\/landesfinale2019lg.jpg\",\"width\":800,\"height\":600,\"caption\":\"Sieger der Sch\\u00fctzenklasse Martin Weiss, Markus Weber und Florian Gebhard\"},{\"@type\":\"WebPage\",\"@id\":\"https:\/\/www.sssv.org\/17\/2019\/05\/12\/landeseinzel2019\/#webpage\",\"url\":\"https:\/\/www.sssv.org\/17\/2019\/05\/12\/landeseinzel2019\/\",\"name\":\"Landeseinzel LG \/ LP 2019 - SSSV\",\"isPartOf\":{\"@id\":\"https:\/\/www.sssv.org\/17\/#website\"},\"primaryImageOfPage\":{\"@id\":\"https:\/\/www.sssv.org\/17\/2019\/05\/12\/landeseinzel2019\/#primaryimage\"},\"datePublished\":\"2019-05-12T16:12:46+00:00\",\"dateModified\":\"2020-12-01T10:37:26+00:00\",\"author\":{\"@id\":\"https:\/\/www.sssv.org\/17\/#\/schema\/person\/2fec90b42a865cdda80ed8c8c7e8fd0b\"},\"breadcrumb\":{\"@id\":\"https:\/\/www.sssv.org\/17\/2019\/05\/12\/landeseinzel2019\/#breadcrumb\"},\"inLanguage\":\"de\",\"potentialAction\":[{\"@type\":\"ReadAction\",\"target\":[\"https:\/\/www.sssv.org\/17\/2019\/05\/12\/landeseinzel2019\/\"]}]},{\"@type\":\"BreadcrumbList\",\"@id\":\"https:\/\/www.sssv.org\/17\/2019\/05\/12\/landeseinzel2019\/#breadcrumb\",\"itemListElement\":[{\"@type\":\"ListItem\",\"position\":1,\"name\":\"Startseite\",\"item\":\"https:\/\/www.sssv.org\/17\/\"},{\"@type\":\"ListItem\",\"position\":2,\"name\":\"Landeseinzel LG \/ LP 2019\"}]},{\"@type\":\"Person\",\"@id\":\"https:\/\/www.sssv.org\/17\/#\/schema\/person\/2fec90b42a865cdda80ed8c8c7e8fd0b\",\"name\":\"SSSV Redaktion\",\"image\":{\"@type\":\"ImageObject\",\"@id\":\"https:\/\/www.sssv.org\/17\/#personlogo\",\"inLanguage\":\"de\",\"url\":\"https:\/\/secure.gravatar.com\/avatar\/ee6db80c08330a1654e85f3ca11421e8?s=96&d=mm&r=g\",\"contentUrl\":\"https:\/\/secure.gravatar.com\/avatar\/ee6db80c08330a1654e85f3ca11421e8?s=96&d=mm&r=g\",\"caption\":\"SSSV Redaktion\"},\"url\":\"https:\/\/www.sssv.org\/17\/author\/sssv-redaktion\/\"}]}<\/script>\n<!-- \/ Yoast SEO plugin. -->","yoast_head_json":{"robots":{"index":"index","follow":"follow","max-snippet":"max-snippet:-1","max-image-preview":"max-image-preview:large","max-video-preview":"max-video-preview:-1"},"canonical":"https:\/\/www.sssv.org\/17\/2019\/05\/12\/landeseinzel2019\/","og_locale":"de_DE","og_type":"article","og_title":"Landeseinzel LG \/ LP 2019 - SSSV","og_description":"Landeseinzel LG \/ LP 2019 findet am 9. \/ 10. \/ 11. Mai 2019 auf dem Schie\u00dfstand in Meran statt.","og_url":"https:\/\/www.sssv.org\/17\/2019\/05\/12\/landeseinzel2019\/","og_site_name":"SSSV","article_published_time":"2019-05-12T16:12:46+00:00","article_modified_time":"2020-12-01T10:37:26+00:00","og_image":[{"width":800,"height":600,"url":"https:\/\/www.sssv.org\/17\/wp-content\/uploads\/2019\/05\/landesfinale2019lg.jpg","type":"image\/jpeg"}],"twitter_card":"summary_large_image","twitter_misc":{"Verfasst von":"SSSV Redaktion"},"schema":{"@context":"https:\/\/schema.org","@graph":[{"@type":"WebSite","@id":"https:\/\/www.sssv.org\/17\/#website","url":"https:\/\/www.sssv.org\/17\/","name":"SSSV","description":"S\u00fcdtiroler Sportsch\u00fctzenverband","potentialAction":[{"@type":"SearchAction","target":{"@type":"EntryPoint","urlTemplate":"https:\/\/www.sssv.org\/17\/?s={search_term_string}"},"query-input":"required name=search_term_string"}],"inLanguage":"de"},{"@type":"ImageObject","@id":"https:\/\/www.sssv.org\/17\/2019\/05\/12\/landeseinzel2019\/#primaryimage","inLanguage":"de","url":"https:\/\/www.sssv.org\/17\/wp-content\/uploads\/2019\/05\/landesfinale2019lg.jpg","contentUrl":"https:\/\/www.sssv.org\/17\/wp-content\/uploads\/2019\/05\/landesfinale2019lg.jpg","width":800,"height":600,"caption":"Sieger der Sch\u00fctzenklasse Martin Weiss, Markus Weber und Florian Gebhard"},{"@type":"WebPage","@id":"https:\/\/www.sssv.org\/17\/2019\/05\/12\/landeseinzel2019\/#webpage","url":"https:\/\/www.sssv.org\/17\/2019\/05\/12\/landeseinzel2019\/","name":"Landeseinzel LG \/ LP 2019 - SSSV","isPartOf":{"@id":"https:\/\/www.sssv.org\/17\/#website"},"primaryImageOfPage":{"@id":"https:\/\/www.sssv.org\/17\/2019\/05\/12\/landeseinzel2019\/#primaryimage"},"datePublished":"2019-05-12T16:12:46+00:00","dateModified":"2020-12-01T10:37:26+00:00","author":{"@id":"https:\/\/www.sssv.org\/17\/#\/schema\/person\/2fec90b42a865cdda80ed8c8c7e8fd0b"},"breadcrumb":{"@id":"https:\/\/www.sssv.org\/17\/2019\/05\/12\/landeseinzel2019\/#breadcrumb"},"inLanguage":"de","potentialAction":[{"@type":"ReadAction","target":["https:\/\/www.sssv.org\/17\/2019\/05\/12\/landeseinzel2019\/"]}]},{"@type":"BreadcrumbList","@id":"https:\/\/www.sssv.org\/17\/2019\/05\/12\/landeseinzel2019\/#breadcrumb","itemListElement":[{"@type":"ListItem","position":1,"name":"Startseite","item":"https:\/\/www.sssv.org\/17\/"},{"@type":"ListItem","position":2,"name":"Landeseinzel LG \/ LP 2019"}]},{"@type":"Person","@id":"https:\/\/www.sssv.org\/17\/#\/schema\/person\/2fec90b42a865cdda80ed8c8c7e8fd0b","name":"SSSV Redaktion","image":{"@type":"ImageObject","@id":"https:\/\/www.sssv.org\/17\/#personlogo","inLanguage":"de","url":"https:\/\/secure.gravatar.com\/avatar\/ee6db80c08330a1654e85f3ca11421e8?s=96&d=mm&r=g","contentUrl":"https:\/\/secure.gravatar.com\/avatar\/ee6db80c08330a1654e85f3ca11421e8?s=96&d=mm&r=g","caption":"SSSV Redaktion"},"url":"https:\/\/www.sssv.org\/17\/author\/sssv-redaktion\/"}]}},"_links":{"self":[{"href":"https:\/\/www.sssv.org\/17\/wp-json\/wp\/v2\/posts\/2474"}],"collection":[{"href":"https:\/\/www.sssv.org\/17\/wp-json\/wp\/v2\/posts"}],"about":[{"href":"https:\/\/www.sssv.org\/17\/wp-json\/wp\/v2\/types\/post"}],"author":[{"embeddable":true,"href":"https:\/\/www.sssv.org\/17\/wp-json\/wp\/v2\/users\/2"}],"replies":[{"embeddable":true,"href":"https:\/\/www.sssv.org\/17\/wp-json\/wp\/v2\/comments?post=2474"}],"version-history":[{"count":18,"href":"https:\/\/www.sssv.org\/17\/wp-json\/wp\/v2\/posts\/2474\/revisions"}],"predecessor-version":[{"id":3481,"href":"https:\/\/www.sssv.org\/17\/wp-json\/wp\/v2\/posts\/2474\/revisions\/3481"}],"wp:featuredmedia":[{"embeddable":true,"href":"https:\/\/www.sssv.org\/17\/wp-json\/wp\/v2\/media\/2519"}],"wp:attachment":[{"href":"https:\/\/www.sssv.org\/17\/wp-json\/wp\/v2\/media?parent=2474"}],"wp:term":[{"taxonomy":"category","embeddable":true,"href":"https:\/\/www.sssv.org\/17\/wp-json\/wp\/v2\/categories?post=2474"},{"taxonomy":"post_tag","embeddable":true,"href":"https:\/\/www.sssv.org\/17\/wp-json\/wp\/v2\/tags?post=2474"}],"curies":[{"name":"wp","href":"https:\/\/api.w.org\/{rel}","templated":true}]}}