{"id":2378,"date":"2019-07-21T10:00:15","date_gmt":"2019-07-21T08:00:15","guid":{"rendered":"http:\/\/www2.sssv.org\/17\/?p=2378"},"modified":"2020-12-01T11:35:39","modified_gmt":"2020-12-01T10:35:39","slug":"argealp2019","status":"publish","type":"post","link":"https:\/\/www.sssv.org\/17\/2019\/07\/21\/argealp2019\/","title":{"rendered":"Arge Alp Wettkampf heuer in S\u00fcdtirol"},"content":{"rendered":"<p><span style=\"color: #ff0000;\"><strong>Der S\u00fcdtiroler Sportsch\u00fctzenverband richtete den Arge-Alp Wettkampf 2019 der Sportsch\u00fctzen aus <\/strong><\/span><\/p>\n<p>Der ARGE-ALP 2019 Wettkampf f\u00fcr das Sportschie\u00dfen fand heuer in S\u00fcdtirol, vom 18. bis 21. Juli, auf den Schie\u00dfst\u00e4nden von Meran und Kaltern statt. Insgesamt standen 20 Disziplinen\/Kategorien auf dem Programm, es wurden Einzel &#8211; und Mannschaftswertungen gemacht. Die Wettk\u00e4mpfe werden am Freitag, 19. und Samstag 20. Juli ausgetragen:<br \/>\nin Meran finden s\u00e4mtliche Gewehr-, und in Kaltern die Pistolenwettk\u00e4mpfe statt.<\/p>\n<p><img loading=\"lazy\" class=\"alignnone wp-image-2726\" src=\"http:\/\/www2.sssv.org\/17\/wp-content\/uploads\/2019\/07\/Arge-Alp-Schlussfeier-300x200.jpg\" alt=\"\" width=\"369\" height=\"246\" srcset=\"https:\/\/www.sssv.org\/17\/wp-content\/uploads\/2019\/07\/Arge-Alp-Schlussfeier-300x200.jpg 300w, https:\/\/www.sssv.org\/17\/wp-content\/uploads\/2019\/07\/Arge-Alp-Schlussfeier-768x513.jpg 768w, https:\/\/www.sssv.org\/17\/wp-content\/uploads\/2019\/07\/Arge-Alp-Schlussfeier-696x465.jpg 696w, https:\/\/www.sssv.org\/17\/wp-content\/uploads\/2019\/07\/Arge-Alp-Schlussfeier-629x420.jpg 629w, https:\/\/www.sssv.org\/17\/wp-content\/uploads\/2019\/07\/Arge-Alp-Schlussfeier.jpg 1000w\" sizes=\"(max-width: 369px) 100vw, 369px\" \/><br \/>\nAn Samstagabend fand unter feierlichem Rahmen die Abschlussfeier mit Siegerehrung im Verastaltungszenter KiMM in Meran statt.<\/p>\n<p><span style=\"color: #ff0000;\"><strong><a style=\"color: #ff0000;\" href=\"http:\/\/www.sssv.org\/17\/wp-content\/uploads\/2019\/07\/Arge-Alp-2019-Gesamtwertung.pdf\" target=\"_blank\" rel=\"noopener noreferrer\">Arge Alp 2019 L\u00e4nderwertung<\/a><\/strong><\/span><\/p>\n<p><strong><span style=\"color: #ff0000;\">Ergebnisse Herren:<br \/>\n<\/span><\/strong> <span style=\"color: #ff0000;\"><span style=\"color: #000000;\">Einzel:<\/span>\u00a0<strong><a style=\"color: #ff0000;\" href=\"http:\/\/www.sssv.org\/17\/wp-content\/uploads\/2019\/07\/2.pdf\" target=\"_blank\" rel=\"noopener noreferrer\">3-Stellung<\/a><\/strong><\/span> \u00a0\u00a0\u00a0 <a href=\"http:\/\/www.sssv.org\/17\/wp-content\/uploads\/2019\/07\/6.pdf\" target=\"_blank\" rel=\"noopener noreferrer\"><span style=\"color: #ff0000;\"><strong>60 liegend<\/strong><\/span><\/a> \u00a0 <span style=\"color: #ff0000;\"><strong><a style=\"color: #ff0000;\" href=\"http:\/\/www.sssv.org\/17\/wp-content\/uploads\/2019\/07\/10.pdf\" target=\"_blank\" rel=\"noopener noreferrer\">Luftgewehr<\/a><\/strong><\/span> \u00a0\u00a0<span style=\"color: #ff0000;\"><strong><a style=\"color: #ff0000;\" href=\"http:\/\/www.sssv.org\/17\/wp-content\/uploads\/2019\/07\/16.pdf\" target=\"_blank\" rel=\"noopener noreferrer\">Schnellfeuerpistole<\/a><\/strong><\/span>\u00a0\u00a0\u00a0 <span style=\"color: #ff0000;\"><strong><a style=\"color: #ff0000;\" href=\"http:\/\/www.sssv.org\/17\/wp-content\/uploads\/2019\/07\/18_1.pdf\" target=\"_blank\" rel=\"noopener noreferrer\">Luftpistole 1<\/a>\u00a0 \u00a0<\/strong><a href=\"http:\/\/www.sssv.org\/17\/wp-content\/uploads\/2019\/07\/18_2m.pdf\" target=\"_blank\" rel=\"noopener noreferrer\"><strong><span style=\"color: #ff0000;\">Luftpistole 2<\/span><\/strong><\/a> \u00a0 <strong><span style=\"color: #ff0000;\"><a style=\"color: #ff0000;\" href=\"http:\/\/www.sssv.org\/17\/wp-content\/uploads\/2019\/07\/18Em.pdf\" target=\"_blank\" rel=\"noopener noreferrer\">Luftpistole Gesamt<\/a><\/span><br \/>\n<\/strong><\/span>Mannschaft: <span style=\"color: #ff0000;\"><strong><a style=\"color: #ff0000;\" href=\"http:\/\/www.sssv.org\/17\/wp-content\/uploads\/2019\/07\/2M.pdf\" target=\"_blank\" rel=\"noopener noreferrer\">3-Stellung<\/a><\/strong><\/span>\u00a0\u00a0\u00a0\u00a0\u00a0<a href=\"http:\/\/www.sssv.org\/17\/wp-content\/uploads\/2019\/07\/6M.pdf\" target=\"_blank\" rel=\"noopener noreferrer\"><span style=\"color: #ff0000;\"><strong>60 liegend<\/strong><\/span><\/a> \u00a0 <strong><span style=\"color: #ff0000;\"><a style=\"color: #ff0000;\" href=\"http:\/\/www.sssv.org\/17\/wp-content\/uploads\/2019\/07\/10M.pdf\" target=\"_blank\" rel=\"noopener noreferrer\">Luftgewehr<\/a><\/span><\/strong> \u00a0\u00a0<span style=\"color: #ff0000;\"><strong><a style=\"color: #ff0000;\" href=\"http:\/\/www.sssv.org\/17\/wp-content\/uploads\/2019\/07\/16M.pdf\" target=\"_blank\" rel=\"noopener noreferrer\">Schnellfeuerpistole<\/a>\u00a0 <\/strong><\/span><span style=\"color: #ff0000;\"><strong><a style=\"color: #ff0000;\" href=\"http:\/\/www.sssv.org\/17\/wp-content\/uploads\/2019\/07\/18Mm.pdf\" target=\"_blank\" rel=\"noopener noreferrer\">Luftpistole<\/a> <\/strong><\/span><\/p>\n<p><span style=\"color: #ff0000;\"><strong>Ergebnisse Junioren:<br \/>\n<\/strong><\/span>Einzel: <strong><span style=\"color: #ff0000;\"><a style=\"color: #ff0000;\" href=\"http:\/\/www.sssv.org\/17\/wp-content\/uploads\/2019\/07\/1.pdf\" target=\"_blank\" rel=\"noopener noreferrer\">3-Stellung<\/a><\/span><\/strong>\u00a0\u00a0\u00a0\u00a0\u00a0<span style=\"color: #ff0000;\"><strong><a style=\"color: #ff0000;\" href=\"http:\/\/www.sssv.org\/17\/wp-content\/uploads\/2019\/07\/5.pdf\" target=\"_blank\" rel=\"noopener noreferrer\">60 liegend<\/a><\/strong><\/span> \u00a0 <span style=\"color: #ff0000;\"><strong><a style=\"color: #ff0000;\" href=\"http:\/\/www.sssv.org\/17\/wp-content\/uploads\/2019\/07\/9.pdf\" target=\"_blank\" rel=\"noopener noreferrer\">Luftgewehr<\/a><\/strong> <strong><a style=\"color: #ff0000;\" href=\"http:\/\/www.sssv.org\/17\/wp-content\/uploads\/2019\/07\/15.pdf\" target=\"_blank\" rel=\"noopener noreferrer\">Schnellfeuerpistole<\/a><\/strong> <a style=\"color: #ff0000;\" href=\"http:\/\/www.sssv.org\/17\/wp-content\/uploads\/2019\/07\/17_1.pdf\" target=\"_blank\" rel=\"noopener noreferrer\"><strong>Luftpistole 1<\/strong><\/a><strong><span style=\"color: #ff0000;\"> \u00a0 <a href=\"http:\/\/www.sssv.org\/17\/wp-content\/uploads\/2019\/07\/17_2.pdf\" target=\"_blank\" rel=\"noopener noreferrer\"><span style=\"color: #ff0000;\">Luftpistole 2<\/span><\/a>\u00a0\u00a0 <\/span><\/strong><\/span><span style=\"color: #ff0000;\"><strong><span style=\"color: #ff0000;\"><a style=\"color: #ff0000;\" href=\"http:\/\/www.sssv.org\/17\/wp-content\/uploads\/2019\/07\/17E.pdf\" target=\"_blank\" rel=\"noopener noreferrer\">Luftpistole Gesamt<\/a><\/span><\/strong><\/span><br \/>\nMannschaft: <span style=\"color: #ff0000;\"><strong><a style=\"color: #ff0000;\" href=\"http:\/\/www2.sssv.org\/17\/wp-content\/uploads\/2019\/07\/1M.pdf\" target=\"_blank\" rel=\"noopener noreferrer\">3-Stellung<\/a><\/strong><\/span>\u00a0\u00a0\u00a0\u00a0\u00a0<strong><span style=\"color: #ff0000;\"><a style=\"color: #ff0000;\" href=\"http:\/\/www2.sssv.org\/17\/wp-content\/uploads\/2019\/07\/5M.pdf\" target=\"_blank\" rel=\"noopener noreferrer\">60 liegend<\/a><\/span><\/strong> \u00a0 <span style=\"color: #ff0000;\"><strong><a style=\"color: #ff0000;\" href=\"http:\/\/www.sssv.org\/17\/wp-content\/uploads\/2019\/07\/9M.pdf\" target=\"_blank\" rel=\"noopener noreferrer\">Luftgewehr<\/a><\/strong><\/span> \u00a0 <strong><span style=\"color: #ff0000;\"><a style=\"color: #ff0000;\" href=\"http:\/\/www.sssv.org\/17\/wp-content\/uploads\/2019\/07\/15M.pdf\" target=\"_blank\" rel=\"noopener noreferrer\">Schnellfeuerpistole<\/a><\/span><\/strong> \u00a0<span style=\"color: #ff0000;\"><strong>\u00a0\u00a0<a href=\"http:\/\/www.sssv.org\/17\/wp-content\/uploads\/2019\/07\/17M.pdf\" target=\"_blank\" rel=\"noopener noreferrer\"><span style=\"color: #ff0000;\">Luftpistole<\/span><\/a><br \/>\n<\/strong><\/span><\/p>\n<p><span style=\"color: #ff0000;\"><strong>Ergebnisse Damen:<br \/>\n<\/strong><\/span>Einzel:\u00a0<span style=\"color: #ff0000;\"><strong><a style=\"color: #ff0000;\" href=\"http:\/\/www.sssv.org\/17\/wp-content\/uploads\/2019\/07\/4.pdf\">3-Stellung<\/a><\/strong><\/span> \u00a0\u00a0\u00a0\u00a0<a href=\"http:\/\/www.sssv.org\/17\/wp-content\/uploads\/2019\/07\/8.pdf\" target=\"_blank\" rel=\"noopener noreferrer\"><span style=\"color: #ff0000;\"><strong>60<\/strong> <strong>liegend<\/strong><\/span><\/a> \u00a0 <span style=\"color: #ff0000;\"><strong><a style=\"color: #ff0000;\" href=\"http:\/\/www.sssv.org\/17\/wp-content\/uploads\/2019\/07\/12.pdf\" target=\"_blank\" rel=\"noopener noreferrer\">Luftgewehr<\/a><\/strong><\/span>\u00a0\u00a0 <span style=\"color: #ff0000;\"><strong><a style=\"color: #ff0000;\" href=\"http:\/\/www.sssv.org\/17\/wp-content\/uploads\/2019\/07\/14.pdf\" target=\"_blank\" rel=\"noopener noreferrer\">Sportpistole<\/a><\/strong><\/span>\u00a0 <span style=\"color: #ff0000;\"><strong><a style=\"color: #ff0000;\" href=\"http:\/\/www.sssv.org\/17\/wp-content\/uploads\/2019\/07\/20_1.pdf\" target=\"_blank\" rel=\"noopener noreferrer\">Luftpistole 1\u00a0<\/a><a href=\"http:\/\/www.sssv.org\/17\/wp-content\/uploads\/2019\/07\/20_2.pdf\" target=\"_blank\" rel=\"noopener noreferrer\"><span style=\"color: #ff0000;\">Luftpistole 2\u00a0<\/span><\/a><a href=\"http:\/\/www.sssv.org\/17\/wp-content\/uploads\/2019\/07\/20E.pdf\"><span style=\"color: #ff0000;\">Luftpistole gesamt<\/span><\/a><\/strong><\/span><br \/>\nMannschaft:\u00a0<span style=\"color: #ff0000;\"><strong><a style=\"color: #ff0000;\" href=\"http:\/\/www.sssv.org\/17\/wp-content\/uploads\/2019\/07\/4M.pdf\">3-Stellung<\/a><\/strong><\/span> \u00a0\u00a0\u00a0<strong><span style=\"color: #ff0000;\">\u00a0<a style=\"color: #ff0000;\" href=\"http:\/\/www.sssv.org\/17\/wp-content\/uploads\/2019\/07\/8M.pdf\" target=\"_blank\" rel=\"noopener noreferrer\">60 liegend<\/a> <\/span><\/strong>\u00a0 <strong><span style=\"color: #ff0000;\"><a style=\"color: #ff0000;\" href=\"http:\/\/www.sssv.org\/17\/wp-content\/uploads\/2019\/07\/12M.pdf\" target=\"_blank\" rel=\"noopener noreferrer\">Luftgewehr<\/a><\/span><\/strong>\u00a0\u00a0 <a href=\"http:\/\/www.sssv.org\/17\/wp-content\/uploads\/2019\/07\/14M.pdf\" target=\"_blank\" rel=\"noopener noreferrer\"><span style=\"color: #ff0000;\"><strong>Sportpistole<\/strong><\/span>\u00a0<\/a><a href=\"http:\/\/www.sssv.org\/17\/wp-content\/uploads\/2019\/07\/20M.pdf\"><strong><span style=\"color: #ff0000;\">Luftpistole<\/span><\/strong><\/a><\/p>\n<p><span style=\"color: #ff0000;\"><strong>Ergebnisse Junioren Damen:<\/strong><\/span><br \/>\nEinzel:\u00a0<span style=\"color: #ff0000;\"><strong><a style=\"color: #ff0000;\" href=\"http:\/\/www.sssv.org\/17\/wp-content\/uploads\/2019\/07\/3.pdf\" target=\"_blank\" rel=\"noopener noreferrer\">3-Stellung<\/a><\/strong><\/span> \u00a0\u00a0\u00a0\u00a0<a href=\"http:\/\/www.sssv.org\/17\/wp-content\/uploads\/2019\/07\/7.pdf\" target=\"_blank\" rel=\"noopener noreferrer\"><span style=\"color: #ff0000;\"><strong>60<\/strong> <strong>liegend<\/strong><\/span><\/a> \u00a0 <a href=\"http:\/\/www.sssv.org\/17\/wp-content\/uploads\/2019\/07\/11.pdf\" target=\"_blank\" rel=\"noopener noreferrer\"><span style=\"color: #ff0000;\"><strong>Luftgewehr<\/strong><\/span> <\/a><span style=\"color: #ff0000;\"><strong><a href=\"http:\/\/www.sssv.org\/17\/wp-content\/uploads\/2019\/07\/13.pdf\" target=\"_blank\" rel=\"noopener noreferrer\"><span style=\"color: #ff0000;\">Sportpistole<\/span> <\/a><a style=\"color: #ff0000;\" href=\"http:\/\/www.sssv.org\/17\/wp-content\/uploads\/2019\/07\/19.pdf\" target=\"_blank\" rel=\"noopener noreferrer\">Luftpistole 1<\/a> <\/strong><\/span><span style=\"color: #ff0000;\"><strong><a href=\"http:\/\/www.sssv.org\/17\/wp-content\/uploads\/2019\/07\/19_2.pdf\" target=\"_blank\" rel=\"noopener noreferrer\"><span style=\"color: #ff0000;\">Luftpistole<\/span> <span style=\"color: #ff0000;\">2\u00a0<\/span><\/a><\/strong><\/span> <span style=\"color: #ff0000;\"><strong><a style=\"color: #ff0000;\" href=\"http:\/\/www.sssv.org\/17\/wp-content\/uploads\/2019\/07\/19E.pdf\" target=\"_blank\" rel=\"noopener noreferrer\">Luftpistole gesamt<\/a><\/strong><\/span><br \/>\nMannschaft:\u00a0<span style=\"color: #ff0000;\"><strong><a style=\"color: #ff0000;\" href=\"http:\/\/www.sssv.org\/17\/wp-content\/uploads\/2019\/07\/3M.pdf\" target=\"_blank\" rel=\"noopener noreferrer\">3-Stellung<\/a><\/strong><\/span> \u00a0\u00a0\u00a0\u00a0<a href=\"http:\/\/www.sssv.org\/17\/wp-content\/uploads\/2019\/07\/7M.pdf\" target=\"_blank\" rel=\"noopener noreferrer\"><span style=\"color: #ff0000;\"><strong>60<\/strong> <strong>liegend<\/strong><\/span><\/a> \u00a0 <a href=\"http:\/\/www.sssv.org\/17\/wp-content\/uploads\/2019\/07\/11M.pdf\" target=\"_blank\" rel=\"noopener noreferrer\"><span style=\"color: #ff0000;\"><strong>Luftgewehr<\/strong><\/span>\u00a0<\/a><span style=\"color: #ff0000;\"><strong><a style=\"color: #ff0000;\" href=\"http:\/\/www.sssv.org\/17\/wp-content\/uploads\/2019\/07\/13M.pdf\" target=\"_blank\" rel=\"noopener noreferrer\">Sportpistole <\/a><\/strong> <strong><a style=\"color: #ff0000;\" href=\"http:\/\/www.sssv.org\/17\/wp-content\/uploads\/2019\/07\/19M.pdf\">Luftpistole<\/a><\/strong><\/span><\/p>\n<p><a href=\"http:\/\/www.argealp-sport.org\/de\/\" target=\"_blank\" rel=\"noopener noreferrer\"><span style=\"color: #ff0000;\">Link zum Arge Alp Sportprogramm:<\/span><\/a> <a href=\"http:\/\/www.argealp-sport.org\/de\/\" target=\"_blank\" rel=\"noopener noreferrer\"><img loading=\"lazy\" class=\"alignnone wp-image-2594 \" src=\"http:\/\/www2.sssv.org\/17\/wp-content\/uploads\/2019\/07\/Log_Arge_Alp_Sport-Logo-3-300x70.jpg\" alt=\"\" width=\"210\" height=\"49\" srcset=\"https:\/\/www.sssv.org\/17\/wp-content\/uploads\/2019\/07\/Log_Arge_Alp_Sport-Logo-3-300x70.jpg 300w, https:\/\/www.sssv.org\/17\/wp-content\/uploads\/2019\/07\/Log_Arge_Alp_Sport-Logo-3-768x178.jpg 768w, https:\/\/www.sssv.org\/17\/wp-content\/uploads\/2019\/07\/Log_Arge_Alp_Sport-Logo-3-1024x238.jpg 1024w, https:\/\/www.sssv.org\/17\/wp-content\/uploads\/2019\/07\/Log_Arge_Alp_Sport-Logo-3-696x162.jpg 696w, https:\/\/www.sssv.org\/17\/wp-content\/uploads\/2019\/07\/Log_Arge_Alp_Sport-Logo-3-1068x248.jpg 1068w, https:\/\/www.sssv.org\/17\/wp-content\/uploads\/2019\/07\/Log_Arge_Alp_Sport-Logo-3.jpg 1646w\" sizes=\"(max-width: 210px) 100vw, 210px\" \/><\/a><\/p>\n","protected":false},"excerpt":{"rendered":"<p>Der ARGE-ALP Wettkampf f\u00fcr das Sportschie\u00dfen fand 2019 in S\u00fcdtirol, vom 18. bis 21. Juli, auf den Schie\u00dfst\u00e4nden von Meran und Kaltern statt.<\/p>\n","protected":false},"author":2,"featured_media":2377,"comment_status":"closed","ping_status":"closed","sticky":false,"template":"","format":"standard","meta":[],"categories":[1,48,62,92],"tags":[],"yoast_head":"<!-- This site is optimized with the Yoast SEO plugin v17.8 - https:\/\/yoast.com\/wordpress\/plugins\/seo\/ -->\n<meta name=\"robots\" content=\"index, follow, max-snippet:-1, max-image-preview:large, max-video-preview:-1\" \/>\n<link rel=\"canonical\" href=\"https:\/\/www.sssv.org\/17\/2019\/07\/21\/argealp2019\/\" \/>\n<meta property=\"og:locale\" content=\"de_DE\" \/>\n<meta property=\"og:type\" content=\"article\" \/>\n<meta property=\"og:title\" content=\"Arge Alp Wettkampf heuer in S\u00fcdtirol - SSSV\" \/>\n<meta property=\"og:description\" content=\"Der ARGE-ALP Wettkampf f\u00fcr das Sportschie\u00dfen fand 2019 in S\u00fcdtirol, vom 18. bis 21. Juli, auf den Schie\u00dfst\u00e4nden von Meran und Kaltern statt.\" \/>\n<meta property=\"og:url\" content=\"https:\/\/www.sssv.org\/17\/2019\/07\/21\/argealp2019\/\" \/>\n<meta property=\"og:site_name\" content=\"SSSV\" \/>\n<meta property=\"article:published_time\" content=\"2019-07-21T08:00:15+00:00\" \/>\n<meta property=\"article:modified_time\" content=\"2020-12-01T10:35:39+00:00\" \/>\n<meta property=\"og:image\" content=\"https:\/\/www.sssv.org\/17\/wp-content\/uploads\/2019\/03\/argealp2019titelseite72.jpg\" \/>\n\t<meta property=\"og:image:width\" content=\"805\" \/>\n\t<meta property=\"og:image:height\" content=\"605\" \/>\n<meta name=\"twitter:card\" content=\"summary_large_image\" \/>\n<meta name=\"twitter:label1\" content=\"Verfasst von\" \/>\n\t<meta name=\"twitter:data1\" content=\"SSSV Redaktion\" \/>\n\t<meta name=\"twitter:label2\" content=\"Gesch\u00e4tzte Lesezeit\" \/>\n\t<meta name=\"twitter:data2\" content=\"1\u00a0Minute\" \/>\n<script type=\"application\/ld+json\" class=\"yoast-schema-graph\">{\"@context\":\"https:\/\/schema.org\",\"@graph\":[{\"@type\":\"WebSite\",\"@id\":\"https:\/\/www.sssv.org\/17\/#website\",\"url\":\"https:\/\/www.sssv.org\/17\/\",\"name\":\"SSSV\",\"description\":\"S\\u00fcdtiroler Sportsch\\u00fctzenverband\",\"potentialAction\":[{\"@type\":\"SearchAction\",\"target\":{\"@type\":\"EntryPoint\",\"urlTemplate\":\"https:\/\/www.sssv.org\/17\/?s={search_term_string}\"},\"query-input\":\"required name=search_term_string\"}],\"inLanguage\":\"de\"},{\"@type\":\"ImageObject\",\"@id\":\"https:\/\/www.sssv.org\/17\/2019\/07\/21\/argealp2019\/#primaryimage\",\"inLanguage\":\"de\",\"url\":\"https:\/\/www.sssv.org\/17\/wp-content\/uploads\/2019\/03\/argealp2019titelseite72.jpg\",\"contentUrl\":\"https:\/\/www.sssv.org\/17\/wp-content\/uploads\/2019\/03\/argealp2019titelseite72.jpg\",\"width\":805,\"height\":605},{\"@type\":\"WebPage\",\"@id\":\"https:\/\/www.sssv.org\/17\/2019\/07\/21\/argealp2019\/#webpage\",\"url\":\"https:\/\/www.sssv.org\/17\/2019\/07\/21\/argealp2019\/\",\"name\":\"Arge Alp Wettkampf heuer in S\\u00fcdtirol - SSSV\",\"isPartOf\":{\"@id\":\"https:\/\/www.sssv.org\/17\/#website\"},\"primaryImageOfPage\":{\"@id\":\"https:\/\/www.sssv.org\/17\/2019\/07\/21\/argealp2019\/#primaryimage\"},\"datePublished\":\"2019-07-21T08:00:15+00:00\",\"dateModified\":\"2020-12-01T10:35:39+00:00\",\"author\":{\"@id\":\"https:\/\/www.sssv.org\/17\/#\/schema\/person\/2fec90b42a865cdda80ed8c8c7e8fd0b\"},\"breadcrumb\":{\"@id\":\"https:\/\/www.sssv.org\/17\/2019\/07\/21\/argealp2019\/#breadcrumb\"},\"inLanguage\":\"de\",\"potentialAction\":[{\"@type\":\"ReadAction\",\"target\":[\"https:\/\/www.sssv.org\/17\/2019\/07\/21\/argealp2019\/\"]}]},{\"@type\":\"BreadcrumbList\",\"@id\":\"https:\/\/www.sssv.org\/17\/2019\/07\/21\/argealp2019\/#breadcrumb\",\"itemListElement\":[{\"@type\":\"ListItem\",\"position\":1,\"name\":\"Startseite\",\"item\":\"https:\/\/www.sssv.org\/17\/\"},{\"@type\":\"ListItem\",\"position\":2,\"name\":\"Arge Alp Wettkampf heuer in S\\u00fcdtirol\"}]},{\"@type\":\"Person\",\"@id\":\"https:\/\/www.sssv.org\/17\/#\/schema\/person\/2fec90b42a865cdda80ed8c8c7e8fd0b\",\"name\":\"SSSV Redaktion\",\"image\":{\"@type\":\"ImageObject\",\"@id\":\"https:\/\/www.sssv.org\/17\/#personlogo\",\"inLanguage\":\"de\",\"url\":\"https:\/\/secure.gravatar.com\/avatar\/ee6db80c08330a1654e85f3ca11421e8?s=96&d=mm&r=g\",\"contentUrl\":\"https:\/\/secure.gravatar.com\/avatar\/ee6db80c08330a1654e85f3ca11421e8?s=96&d=mm&r=g\",\"caption\":\"SSSV Redaktion\"},\"url\":\"https:\/\/www.sssv.org\/17\/author\/sssv-redaktion\/\"}]}<\/script>\n<!-- \/ Yoast SEO plugin. -->","yoast_head_json":{"robots":{"index":"index","follow":"follow","max-snippet":"max-snippet:-1","max-image-preview":"max-image-preview:large","max-video-preview":"max-video-preview:-1"},"canonical":"https:\/\/www.sssv.org\/17\/2019\/07\/21\/argealp2019\/","og_locale":"de_DE","og_type":"article","og_title":"Arge Alp Wettkampf heuer in S\u00fcdtirol - SSSV","og_description":"Der ARGE-ALP Wettkampf f\u00fcr das Sportschie\u00dfen fand 2019 in S\u00fcdtirol, vom 18. bis 21. Juli, auf den Schie\u00dfst\u00e4nden von Meran und Kaltern statt.","og_url":"https:\/\/www.sssv.org\/17\/2019\/07\/21\/argealp2019\/","og_site_name":"SSSV","article_published_time":"2019-07-21T08:00:15+00:00","article_modified_time":"2020-12-01T10:35:39+00:00","og_image":[{"width":805,"height":605,"url":"https:\/\/www.sssv.org\/17\/wp-content\/uploads\/2019\/03\/argealp2019titelseite72.jpg","type":"image\/jpeg"}],"twitter_card":"summary_large_image","twitter_misc":{"Verfasst von":"SSSV Redaktion","Gesch\u00e4tzte Lesezeit":"1\u00a0Minute"},"schema":{"@context":"https:\/\/schema.org","@graph":[{"@type":"WebSite","@id":"https:\/\/www.sssv.org\/17\/#website","url":"https:\/\/www.sssv.org\/17\/","name":"SSSV","description":"S\u00fcdtiroler Sportsch\u00fctzenverband","potentialAction":[{"@type":"SearchAction","target":{"@type":"EntryPoint","urlTemplate":"https:\/\/www.sssv.org\/17\/?s={search_term_string}"},"query-input":"required name=search_term_string"}],"inLanguage":"de"},{"@type":"ImageObject","@id":"https:\/\/www.sssv.org\/17\/2019\/07\/21\/argealp2019\/#primaryimage","inLanguage":"de","url":"https:\/\/www.sssv.org\/17\/wp-content\/uploads\/2019\/03\/argealp2019titelseite72.jpg","contentUrl":"https:\/\/www.sssv.org\/17\/wp-content\/uploads\/2019\/03\/argealp2019titelseite72.jpg","width":805,"height":605},{"@type":"WebPage","@id":"https:\/\/www.sssv.org\/17\/2019\/07\/21\/argealp2019\/#webpage","url":"https:\/\/www.sssv.org\/17\/2019\/07\/21\/argealp2019\/","name":"Arge Alp Wettkampf heuer in S\u00fcdtirol - SSSV","isPartOf":{"@id":"https:\/\/www.sssv.org\/17\/#website"},"primaryImageOfPage":{"@id":"https:\/\/www.sssv.org\/17\/2019\/07\/21\/argealp2019\/#primaryimage"},"datePublished":"2019-07-21T08:00:15+00:00","dateModified":"2020-12-01T10:35:39+00:00","author":{"@id":"https:\/\/www.sssv.org\/17\/#\/schema\/person\/2fec90b42a865cdda80ed8c8c7e8fd0b"},"breadcrumb":{"@id":"https:\/\/www.sssv.org\/17\/2019\/07\/21\/argealp2019\/#breadcrumb"},"inLanguage":"de","potentialAction":[{"@type":"ReadAction","target":["https:\/\/www.sssv.org\/17\/2019\/07\/21\/argealp2019\/"]}]},{"@type":"BreadcrumbList","@id":"https:\/\/www.sssv.org\/17\/2019\/07\/21\/argealp2019\/#breadcrumb","itemListElement":[{"@type":"ListItem","position":1,"name":"Startseite","item":"https:\/\/www.sssv.org\/17\/"},{"@type":"ListItem","position":2,"name":"Arge Alp Wettkampf heuer in S\u00fcdtirol"}]},{"@type":"Person","@id":"https:\/\/www.sssv.org\/17\/#\/schema\/person\/2fec90b42a865cdda80ed8c8c7e8fd0b","name":"SSSV Redaktion","image":{"@type":"ImageObject","@id":"https:\/\/www.sssv.org\/17\/#personlogo","inLanguage":"de","url":"https:\/\/secure.gravatar.com\/avatar\/ee6db80c08330a1654e85f3ca11421e8?s=96&d=mm&r=g","contentUrl":"https:\/\/secure.gravatar.com\/avatar\/ee6db80c08330a1654e85f3ca11421e8?s=96&d=mm&r=g","caption":"SSSV Redaktion"},"url":"https:\/\/www.sssv.org\/17\/author\/sssv-redaktion\/"}]}},"_links":{"self":[{"href":"https:\/\/www.sssv.org\/17\/wp-json\/wp\/v2\/posts\/2378"}],"collection":[{"href":"https:\/\/www.sssv.org\/17\/wp-json\/wp\/v2\/posts"}],"about":[{"href":"https:\/\/www.sssv.org\/17\/wp-json\/wp\/v2\/types\/post"}],"author":[{"embeddable":true,"href":"https:\/\/www.sssv.org\/17\/wp-json\/wp\/v2\/users\/2"}],"replies":[{"embeddable":true,"href":"https:\/\/www.sssv.org\/17\/wp-json\/wp\/v2\/comments?post=2378"}],"version-history":[{"count":65,"href":"https:\/\/www.sssv.org\/17\/wp-json\/wp\/v2\/posts\/2378\/revisions"}],"predecessor-version":[{"id":3476,"href":"https:\/\/www.sssv.org\/17\/wp-json\/wp\/v2\/posts\/2378\/revisions\/3476"}],"wp:featuredmedia":[{"embeddable":true,"href":"https:\/\/www.sssv.org\/17\/wp-json\/wp\/v2\/media\/2377"}],"wp:attachment":[{"href":"https:\/\/www.sssv.org\/17\/wp-json\/wp\/v2\/media?parent=2378"}],"wp:term":[{"taxonomy":"category","embeddable":true,"href":"https:\/\/www.sssv.org\/17\/wp-json\/wp\/v2\/categories?post=2378"},{"taxonomy":"post_tag","embeddable":true,"href":"https:\/\/www.sssv.org\/17\/wp-json\/wp\/v2\/tags?post=2378"}],"curies":[{"name":"wp","href":"https:\/\/api.w.org\/{rel}","templated":true}]}}