{"id":2203,"date":"2019-02-02T20:00:49","date_gmt":"2019-02-02T19:00:49","guid":{"rendered":"http:\/\/www2.sssv.org\/17\/?p=2203"},"modified":"2019-02-04T08:42:33","modified_gmt":"2019-02-04T07:42:33","slug":"3-koenigsschiessen-in-schlanders-kortsch-abgeschlossen","status":"publish","type":"post","link":"https:\/\/www.sssv.org\/17\/2019\/02\/02\/3-koenigsschiessen-in-schlanders-kortsch-abgeschlossen\/","title":{"rendered":"3 K\u00f6nigsschie\u00dfen in Schlanders\/Kortsch abgeschlossen"},"content":{"rendered":"<p><strong><span style=\"color: #ff0000; font-size: 14pt;\">3 K\u00f6nigsschie\u00dfen 2019 feierlich abgeschlossen<br \/>\n<\/span><\/strong><\/p>\n<p style=\"text-align: left;\" align=\"center\"><span style=\"color: #000000;\"><span style=\"font-family: Verdana; font-size: medium;\">Das Dreik\u00f6nigschie\u00dfen 2019 wurde erfolgreich abgeschlossen. 363 Sch\u00fctzinnen und Sch\u00fctzen aus dem In- und Ausland haben daran teilgenommen.<br \/>\n<\/span><\/span><\/p>\n<p style=\"text-align: left;\" align=\"center\"><span style=\"color: #000000; font-family: Verdana; font-size: medium;\">Am Samstag, den 2. Februar 2019 fand im vollbesetzten Haus der Dorfgemeinschaft die feierliche <\/span> <span style=\"color: #ffffc6; font-family: Verdana; font-size: medium;\"><span style=\"color: #000000;\">Preisverteilung statt.<\/span> <\/span><\/p>\n<p>Die <span style=\"color: #ff0000;\"><strong>Ergebnisse <\/strong><\/span>finden sie auf der Hompage der Gilde unter: <span style=\"color: #ff0000;\"><strong><a style=\"color: #ff0000;\" href=\"http:\/\/www.gildeschlanders.com\/\">www.gildeschlanders.com<\/a><\/strong><\/span><\/p>\n<p><img loading=\"lazy\" class=\"alignnone wp-image-2144\" src=\"http:\/\/www2.sssv.org\/17\/wp-content\/uploads\/2019\/01\/er\u00f6ffnung_3koenig2019_3-300x225.jpg\" alt=\"\" width=\"451\" height=\"338\" srcset=\"https:\/\/www.sssv.org\/17\/wp-content\/uploads\/2019\/01\/er\u00f6ffnung_3koenig2019_3-300x225.jpg 300w, https:\/\/www.sssv.org\/17\/wp-content\/uploads\/2019\/01\/er\u00f6ffnung_3koenig2019_3-768x576.jpg 768w, https:\/\/www.sssv.org\/17\/wp-content\/uploads\/2019\/01\/er\u00f6ffnung_3koenig2019_3-80x60.jpg 80w, https:\/\/www.sssv.org\/17\/wp-content\/uploads\/2019\/01\/er\u00f6ffnung_3koenig2019_3-265x198.jpg 265w, https:\/\/www.sssv.org\/17\/wp-content\/uploads\/2019\/01\/er\u00f6ffnung_3koenig2019_3-696x522.jpg 696w, https:\/\/www.sssv.org\/17\/wp-content\/uploads\/2019\/01\/er\u00f6ffnung_3koenig2019_3-560x420.jpg 560w, https:\/\/www.sssv.org\/17\/wp-content\/uploads\/2019\/01\/er\u00f6ffnung_3koenig2019_3.jpg 800w\" sizes=\"(max-width: 451px) 100vw, 451px\" \/> Die Ehrenscheibe war Gerlinde Bernhart, die seit \u00fcber 40 Jahren in der Gilde Schlanders\/Kortsch aktiv dabei ist, gewidmet.<\/p>\n<p>&nbsp;<\/p>\n<p>&nbsp;<\/p>\n","protected":false},"excerpt":{"rendered":"<p>Am Schie\u00dfstand in Kortsch wurde am Samstag, den 5. J\u00e4nner das 3 K\u00f6nigsschie\u00dfen mit LG\/LP feierlich abgeschlossen. <\/p>\n","protected":false},"author":2,"featured_media":2230,"comment_status":"open","ping_status":"open","sticky":false,"template":"","format":"standard","meta":[],"categories":[53,1,58],"tags":[],"yoast_head":"<!-- This site is optimized with the Yoast SEO plugin v17.8 - https:\/\/yoast.com\/wordpress\/plugins\/seo\/ -->\n<meta name=\"robots\" content=\"index, follow, max-snippet:-1, max-image-preview:large, max-video-preview:-1\" \/>\n<link rel=\"canonical\" href=\"https:\/\/www.sssv.org\/17\/2019\/02\/02\/3-koenigsschiessen-in-schlanders-kortsch-abgeschlossen\/\" \/>\n<meta property=\"og:locale\" content=\"de_DE\" \/>\n<meta property=\"og:type\" content=\"article\" \/>\n<meta property=\"og:title\" content=\"3 K\u00f6nigsschie\u00dfen in Schlanders\/Kortsch abgeschlossen - SSSV\" \/>\n<meta property=\"og:description\" content=\"Am Schie\u00dfstand in Kortsch wurde am Samstag, den 5. J\u00e4nner das 3 K\u00f6nigsschie\u00dfen mit LG\/LP feierlich abgeschlossen.\" \/>\n<meta property=\"og:url\" content=\"https:\/\/www.sssv.org\/17\/2019\/02\/02\/3-koenigsschiessen-in-schlanders-kortsch-abgeschlossen\/\" \/>\n<meta property=\"og:site_name\" content=\"SSSV\" \/>\n<meta property=\"article:published_time\" content=\"2019-02-02T19:00:49+00:00\" \/>\n<meta property=\"article:modified_time\" content=\"2019-02-04T07:42:33+00:00\" \/>\n<meta property=\"og:image\" content=\"https:\/\/www.sssv.org\/17\/wp-content\/uploads\/2019\/02\/abschluss3koenig2019.jpg\" \/>\n\t<meta property=\"og:image:width\" content=\"800\" \/>\n\t<meta property=\"og:image:height\" content=\"600\" \/>\n<meta name=\"twitter:card\" content=\"summary_large_image\" \/>\n<meta name=\"twitter:label1\" content=\"Verfasst von\" \/>\n\t<meta name=\"twitter:data1\" content=\"SSSV Redaktion\" \/>\n<script type=\"application\/ld+json\" class=\"yoast-schema-graph\">{\"@context\":\"https:\/\/schema.org\",\"@graph\":[{\"@type\":\"WebSite\",\"@id\":\"https:\/\/www.sssv.org\/17\/#website\",\"url\":\"https:\/\/www.sssv.org\/17\/\",\"name\":\"SSSV\",\"description\":\"S\\u00fcdtiroler Sportsch\\u00fctzenverband\",\"potentialAction\":[{\"@type\":\"SearchAction\",\"target\":{\"@type\":\"EntryPoint\",\"urlTemplate\":\"https:\/\/www.sssv.org\/17\/?s={search_term_string}\"},\"query-input\":\"required name=search_term_string\"}],\"inLanguage\":\"de\"},{\"@type\":\"ImageObject\",\"@id\":\"https:\/\/www.sssv.org\/17\/2019\/02\/02\/3-koenigsschiessen-in-schlanders-kortsch-abgeschlossen\/#primaryimage\",\"inLanguage\":\"de\",\"url\":\"https:\/\/www.sssv.org\/17\/wp-content\/uploads\/2019\/02\/abschluss3koenig2019.jpg\",\"contentUrl\":\"https:\/\/www.sssv.org\/17\/wp-content\/uploads\/2019\/02\/abschluss3koenig2019.jpg\",\"width\":800,\"height\":600},{\"@type\":\"WebPage\",\"@id\":\"https:\/\/www.sssv.org\/17\/2019\/02\/02\/3-koenigsschiessen-in-schlanders-kortsch-abgeschlossen\/#webpage\",\"url\":\"https:\/\/www.sssv.org\/17\/2019\/02\/02\/3-koenigsschiessen-in-schlanders-kortsch-abgeschlossen\/\",\"name\":\"3 K\\u00f6nigsschie\\u00dfen in Schlanders\/Kortsch abgeschlossen - SSSV\",\"isPartOf\":{\"@id\":\"https:\/\/www.sssv.org\/17\/#website\"},\"primaryImageOfPage\":{\"@id\":\"https:\/\/www.sssv.org\/17\/2019\/02\/02\/3-koenigsschiessen-in-schlanders-kortsch-abgeschlossen\/#primaryimage\"},\"datePublished\":\"2019-02-02T19:00:49+00:00\",\"dateModified\":\"2019-02-04T07:42:33+00:00\",\"author\":{\"@id\":\"https:\/\/www.sssv.org\/17\/#\/schema\/person\/2fec90b42a865cdda80ed8c8c7e8fd0b\"},\"breadcrumb\":{\"@id\":\"https:\/\/www.sssv.org\/17\/2019\/02\/02\/3-koenigsschiessen-in-schlanders-kortsch-abgeschlossen\/#breadcrumb\"},\"inLanguage\":\"de\",\"potentialAction\":[{\"@type\":\"ReadAction\",\"target\":[\"https:\/\/www.sssv.org\/17\/2019\/02\/02\/3-koenigsschiessen-in-schlanders-kortsch-abgeschlossen\/\"]}]},{\"@type\":\"BreadcrumbList\",\"@id\":\"https:\/\/www.sssv.org\/17\/2019\/02\/02\/3-koenigsschiessen-in-schlanders-kortsch-abgeschlossen\/#breadcrumb\",\"itemListElement\":[{\"@type\":\"ListItem\",\"position\":1,\"name\":\"Startseite\",\"item\":\"https:\/\/www.sssv.org\/17\/\"},{\"@type\":\"ListItem\",\"position\":2,\"name\":\"3 K\\u00f6nigsschie\\u00dfen in Schlanders\/Kortsch abgeschlossen\"}]},{\"@type\":\"Person\",\"@id\":\"https:\/\/www.sssv.org\/17\/#\/schema\/person\/2fec90b42a865cdda80ed8c8c7e8fd0b\",\"name\":\"SSSV Redaktion\",\"image\":{\"@type\":\"ImageObject\",\"@id\":\"https:\/\/www.sssv.org\/17\/#personlogo\",\"inLanguage\":\"de\",\"url\":\"https:\/\/secure.gravatar.com\/avatar\/ee6db80c08330a1654e85f3ca11421e8?s=96&d=mm&r=g\",\"contentUrl\":\"https:\/\/secure.gravatar.com\/avatar\/ee6db80c08330a1654e85f3ca11421e8?s=96&d=mm&r=g\",\"caption\":\"SSSV Redaktion\"},\"url\":\"https:\/\/www.sssv.org\/17\/author\/sssv-redaktion\/\"}]}<\/script>\n<!-- \/ Yoast SEO plugin. -->","yoast_head_json":{"robots":{"index":"index","follow":"follow","max-snippet":"max-snippet:-1","max-image-preview":"max-image-preview:large","max-video-preview":"max-video-preview:-1"},"canonical":"https:\/\/www.sssv.org\/17\/2019\/02\/02\/3-koenigsschiessen-in-schlanders-kortsch-abgeschlossen\/","og_locale":"de_DE","og_type":"article","og_title":"3 K\u00f6nigsschie\u00dfen in Schlanders\/Kortsch abgeschlossen - SSSV","og_description":"Am Schie\u00dfstand in Kortsch wurde am Samstag, den 5. J\u00e4nner das 3 K\u00f6nigsschie\u00dfen mit LG\/LP feierlich abgeschlossen.","og_url":"https:\/\/www.sssv.org\/17\/2019\/02\/02\/3-koenigsschiessen-in-schlanders-kortsch-abgeschlossen\/","og_site_name":"SSSV","article_published_time":"2019-02-02T19:00:49+00:00","article_modified_time":"2019-02-04T07:42:33+00:00","og_image":[{"width":800,"height":600,"url":"https:\/\/www.sssv.org\/17\/wp-content\/uploads\/2019\/02\/abschluss3koenig2019.jpg","type":"image\/jpeg"}],"twitter_card":"summary_large_image","twitter_misc":{"Verfasst von":"SSSV Redaktion"},"schema":{"@context":"https:\/\/schema.org","@graph":[{"@type":"WebSite","@id":"https:\/\/www.sssv.org\/17\/#website","url":"https:\/\/www.sssv.org\/17\/","name":"SSSV","description":"S\u00fcdtiroler Sportsch\u00fctzenverband","potentialAction":[{"@type":"SearchAction","target":{"@type":"EntryPoint","urlTemplate":"https:\/\/www.sssv.org\/17\/?s={search_term_string}"},"query-input":"required name=search_term_string"}],"inLanguage":"de"},{"@type":"ImageObject","@id":"https:\/\/www.sssv.org\/17\/2019\/02\/02\/3-koenigsschiessen-in-schlanders-kortsch-abgeschlossen\/#primaryimage","inLanguage":"de","url":"https:\/\/www.sssv.org\/17\/wp-content\/uploads\/2019\/02\/abschluss3koenig2019.jpg","contentUrl":"https:\/\/www.sssv.org\/17\/wp-content\/uploads\/2019\/02\/abschluss3koenig2019.jpg","width":800,"height":600},{"@type":"WebPage","@id":"https:\/\/www.sssv.org\/17\/2019\/02\/02\/3-koenigsschiessen-in-schlanders-kortsch-abgeschlossen\/#webpage","url":"https:\/\/www.sssv.org\/17\/2019\/02\/02\/3-koenigsschiessen-in-schlanders-kortsch-abgeschlossen\/","name":"3 K\u00f6nigsschie\u00dfen in Schlanders\/Kortsch abgeschlossen - SSSV","isPartOf":{"@id":"https:\/\/www.sssv.org\/17\/#website"},"primaryImageOfPage":{"@id":"https:\/\/www.sssv.org\/17\/2019\/02\/02\/3-koenigsschiessen-in-schlanders-kortsch-abgeschlossen\/#primaryimage"},"datePublished":"2019-02-02T19:00:49+00:00","dateModified":"2019-02-04T07:42:33+00:00","author":{"@id":"https:\/\/www.sssv.org\/17\/#\/schema\/person\/2fec90b42a865cdda80ed8c8c7e8fd0b"},"breadcrumb":{"@id":"https:\/\/www.sssv.org\/17\/2019\/02\/02\/3-koenigsschiessen-in-schlanders-kortsch-abgeschlossen\/#breadcrumb"},"inLanguage":"de","potentialAction":[{"@type":"ReadAction","target":["https:\/\/www.sssv.org\/17\/2019\/02\/02\/3-koenigsschiessen-in-schlanders-kortsch-abgeschlossen\/"]}]},{"@type":"BreadcrumbList","@id":"https:\/\/www.sssv.org\/17\/2019\/02\/02\/3-koenigsschiessen-in-schlanders-kortsch-abgeschlossen\/#breadcrumb","itemListElement":[{"@type":"ListItem","position":1,"name":"Startseite","item":"https:\/\/www.sssv.org\/17\/"},{"@type":"ListItem","position":2,"name":"3 K\u00f6nigsschie\u00dfen in Schlanders\/Kortsch abgeschlossen"}]},{"@type":"Person","@id":"https:\/\/www.sssv.org\/17\/#\/schema\/person\/2fec90b42a865cdda80ed8c8c7e8fd0b","name":"SSSV Redaktion","image":{"@type":"ImageObject","@id":"https:\/\/www.sssv.org\/17\/#personlogo","inLanguage":"de","url":"https:\/\/secure.gravatar.com\/avatar\/ee6db80c08330a1654e85f3ca11421e8?s=96&d=mm&r=g","contentUrl":"https:\/\/secure.gravatar.com\/avatar\/ee6db80c08330a1654e85f3ca11421e8?s=96&d=mm&r=g","caption":"SSSV Redaktion"},"url":"https:\/\/www.sssv.org\/17\/author\/sssv-redaktion\/"}]}},"_links":{"self":[{"href":"https:\/\/www.sssv.org\/17\/wp-json\/wp\/v2\/posts\/2203"}],"collection":[{"href":"https:\/\/www.sssv.org\/17\/wp-json\/wp\/v2\/posts"}],"about":[{"href":"https:\/\/www.sssv.org\/17\/wp-json\/wp\/v2\/types\/post"}],"author":[{"embeddable":true,"href":"https:\/\/www.sssv.org\/17\/wp-json\/wp\/v2\/users\/2"}],"replies":[{"embeddable":true,"href":"https:\/\/www.sssv.org\/17\/wp-json\/wp\/v2\/comments?post=2203"}],"version-history":[{"count":3,"href":"https:\/\/www.sssv.org\/17\/wp-json\/wp\/v2\/posts\/2203\/revisions"}],"predecessor-version":[{"id":2239,"href":"https:\/\/www.sssv.org\/17\/wp-json\/wp\/v2\/posts\/2203\/revisions\/2239"}],"wp:featuredmedia":[{"embeddable":true,"href":"https:\/\/www.sssv.org\/17\/wp-json\/wp\/v2\/media\/2230"}],"wp:attachment":[{"href":"https:\/\/www.sssv.org\/17\/wp-json\/wp\/v2\/media?parent=2203"}],"wp:term":[{"taxonomy":"category","embeddable":true,"href":"https:\/\/www.sssv.org\/17\/wp-json\/wp\/v2\/categories?post=2203"},{"taxonomy":"post_tag","embeddable":true,"href":"https:\/\/www.sssv.org\/17\/wp-json\/wp\/v2\/tags?post=2203"}],"curies":[{"name":"wp","href":"https:\/\/api.w.org\/{rel}","templated":true}]}}