{"id":1939,"date":"2018-10-16T21:40:23","date_gmt":"2018-10-16T19:40:23","guid":{"rendered":"http:\/\/www2.sssv.org\/17\/?p=1939"},"modified":"2018-10-16T21:40:23","modified_gmt":"2018-10-16T19:40:23","slug":"nordsuedtirol2018","status":"publish","type":"post","link":"https:\/\/www.sssv.org\/17\/2018\/10\/16\/nordsuedtirol2018\/","title":{"rendered":"L\u00e4nderkampf Nordtirol &#8211; S\u00fcdtirol"},"content":{"rendered":"<p style=\"text-align: left;\"><span style=\"color: #ff0000;\"><strong>L\u00e4nderkampf Nordtirol \/ S\u00fcdtirol: Pistolen erfolgreich<\/strong><\/span><\/p>\n<p>Am Samstag, den 13. Oktober wurde auf dem Landeshautptschie\u00dfstand in Innsbruck die 44. Auflage des traditionellen freundschaftlichen L\u00e4nderkampfs zwischen Nordtirol und S\u00fcdtirol ausgetragen.<br \/>\nWie bereits in vielen der letzten Begegnungen in dieser Reihe siegten S\u00fcdtirols Pistolensch\u00fctzen gegen die Nachbarn in Nordtirol. In den Einzelbegegnungen gab es einen Ausgleich, im Finale aber waren die S\u00fcdtiroler Athleten nicht zu schlagen und belegten mit Samuele Catania und Robert Maly die beiden vordersten Pl\u00e4tze.<br \/>\nAnders hingegen bei den Gewehrwettbewerben. Das konnten unsere Sch\u00fctzinnen und Sch\u00fctzen nicht mithalten. 6 Sch\u00fctzen der Tiroler Auswahl erzielten 390 Ringe und mehr. Lediglich Simon Weithaler mit 396 Ringen und Martin Weiss mit 390 Ringen konnten sich f\u00fcr das Finale der besten 8 qualifizieren, dort aber reichte es nicht f\u00fcr die vorderen Pl\u00e4tze.<br \/>\nInsgesamt endete der 44. Vergleich von Nordtirol und S\u00fcdtirol mit einem 51 zu 27 Sieg f\u00fcr Nordtirol.<\/p>\n<p><img loading=\"lazy\" class=\"alignnone size-medium wp-image-1929\" src=\"http:\/\/www2.sssv.org\/17\/wp-content\/uploads\/2018\/10\/ns2018pistolen-300x225.jpg\" alt=\"\" width=\"300\" height=\"225\" srcset=\"https:\/\/www.sssv.org\/17\/wp-content\/uploads\/2018\/10\/ns2018pistolen-300x225.jpg 300w, https:\/\/www.sssv.org\/17\/wp-content\/uploads\/2018\/10\/ns2018pistolen-768x576.jpg 768w, https:\/\/www.sssv.org\/17\/wp-content\/uploads\/2018\/10\/ns2018pistolen-80x60.jpg 80w, https:\/\/www.sssv.org\/17\/wp-content\/uploads\/2018\/10\/ns2018pistolen-265x198.jpg 265w, https:\/\/www.sssv.org\/17\/wp-content\/uploads\/2018\/10\/ns2018pistolen-696x522.jpg 696w, https:\/\/www.sssv.org\/17\/wp-content\/uploads\/2018\/10\/ns2018pistolen-560x420.jpg 560w, https:\/\/www.sssv.org\/17\/wp-content\/uploads\/2018\/10\/ns2018pistolen.jpg 800w\" sizes=\"(max-width: 300px) 100vw, 300px\" \/>\u00a0 Platz 1 im Finale der Pistolensch\u00fctzen f\u00fcr Samuele Catania und Rang 2 f\u00fcr Robert Maly<\/p>\n<p><span style=\"color: #ff0000;\"><strong>Hier die diversen Ergebnislisten:<\/strong><\/span><\/p>\n<p><span style=\"color: #ff0000;\"><a style=\"color: #ff0000;\" href=\"https:\/\/www.tlsb.at\/fileadmin\/user_upload\/Disziplinen\/Luftgewehr\/2019\/Diverse_Wettkaempfe\/Laenderkampf_Nordtirol-Suedtirol\/Ergebnisse_und_Schussbilder\/Endergebnis_Nordtirol_Suedtirol2018.pdf\">Gesamtwertung<\/a>\u00a0\u00a0\u00a0 \u00a0<a style=\"color: #ff0000;\" href=\"https:\/\/www.tlsb.at\/fileadmin\/user_upload\/Disziplinen\/Luftgewehr\/2019\/Diverse_Wettkaempfe\/Laenderkampf_Nordtirol-Suedtirol\/Ergebnisse_und_Schussbilder\/Luftpistole_-_Einzelwertung.pdf\">Einzelwertung Luftpistole<\/a> \u00a0\u00a0 <\/span><span style=\"color: #ff0000;\"><a style=\"color: #ff0000;\" href=\"https:\/\/www.tlsb.at\/fileadmin\/user_upload\/Disziplinen\/Luftgewehr\/2019\/Diverse_Wettkaempfe\/Laenderkampf_Nordtirol-Suedtirol\/Ergebnisse_und_Schussbilder\/Luftgewehr_-_Einzelwertung.pdf\">Einzelwertung Ringe Luftgewehr<\/a>\u00a0\u00a0\u00a0 <a style=\"color: #ff0000;\" href=\"https:\/\/www.tlsb.at\/fileadmin\/user_upload\/Disziplinen\/Luftgewehr\/2019\/Diverse_Wettkaempfe\/Laenderkampf_Nordtirol-Suedtirol\/Ergebnisse_und_Schussbilder\/Luftgewehr_-_Einzelwertung_Zehntel.pdf\">Einzelwertung Zehntel Luftgewehr<\/a>\u00a0\u00a0\u00a0<\/span><\/p>\n<p><span style=\"color: #ff0000;\"><a style=\"color: #ff0000;\" href=\"https:\/\/www.tlsb.at\/fileadmin\/user_upload\/Disziplinen\/Luftgewehr\/2019\/Diverse_Wettkaempfe\/Laenderkampf_Nordtirol-Suedtirol\/Ergebnisse_und_Schussbilder\/Schussbilder_LG_Qualifikation.pdf\">Schussbilder Luftgewehr<\/a> \u00a0\u00a0 <a style=\"color: #ff0000;\" href=\"https:\/\/www.tlsb.at\/fileadmin\/user_upload\/Disziplinen\/Luftgewehr\/2019\/Diverse_Wettkaempfe\/Laenderkampf_Nordtirol-Suedtirol\/Ergebnisse_und_Schussbilder\/Schussbilder_LP_Finale.pdf\">Schussbilder Luftpistole<\/a><\/span><\/p>\n<p><span style=\"color: #ff0000;\"><a style=\"color: #ff0000;\" href=\"https:\/\/www.tlsb.at\/fileadmin\/user_upload\/Disziplinen\/Luftgewehr\/2019\/Diverse_Wettkaempfe\/Laenderkampf_Nordtirol-Suedtirol\/Ergebnisse_und_Schussbilder\/LK_Finale_LG.pdf\">Finale Luftgewehr<\/a>\u00a0 \u00a0 \u00a0 \u00a0 \u00a0 \u00a0\u00a0 <a style=\"color: #ff0000;\" href=\"https:\/\/www.tlsb.at\/fileadmin\/user_upload\/Disziplinen\/Luftgewehr\/2019\/Diverse_Wettkaempfe\/Laenderkampf_Nordtirol-Suedtirol\/Ergebnisse_und_Schussbilder\/Schussbilder_LG_Finale.pdf\">Schussbilder Finale Luftgewehr<\/a><\/span><\/p>\n<p><span style=\"color: #ff0000;\"><a style=\"color: #ff0000;\" href=\"https:\/\/www.tlsb.at\/fileadmin\/user_upload\/Disziplinen\/Luftgewehr\/2019\/Diverse_Wettkaempfe\/Laenderkampf_Nordtirol-Suedtirol\/Ergebnisse_und_Schussbilder\/LK_Finale_LP.pdf\">Finale Luftpistole<\/a>\u00a0\u00a0\u00a0 \u00a0 \u00a0 \u00a0 \u00a0 \u00a0 <a style=\"color: #ff0000;\" href=\"https:\/\/www.tlsb.at\/fileadmin\/user_upload\/Disziplinen\/Luftgewehr\/2019\/Diverse_Wettkaempfe\/Laenderkampf_Nordtirol-Suedtirol\/Ergebnisse_und_Schussbilder\/Schussbilder_LP_Qualifikation.pdf\">Schussbilder Finale Luftpistole<\/a><\/span><\/p>\n","protected":false},"excerpt":{"rendered":"<p>Zwischen 27. und 30. April fand der 60. Deutsche Sch\u00fctzentag in Frankfurt am Main statt. <\/p>\n","protected":false},"author":2,"featured_media":1928,"comment_status":"open","ping_status":"open","sticky":false,"template":"","format":"standard","meta":[],"categories":[1,48,62,92],"tags":[],"yoast_head":"<!-- This site is optimized with the Yoast SEO plugin v17.8 - https:\/\/yoast.com\/wordpress\/plugins\/seo\/ -->\n<meta name=\"robots\" content=\"index, follow, max-snippet:-1, max-image-preview:large, max-video-preview:-1\" \/>\n<link rel=\"canonical\" href=\"https:\/\/www.sssv.org\/17\/2018\/10\/16\/nordsuedtirol2018\/\" \/>\n<meta property=\"og:locale\" content=\"de_DE\" \/>\n<meta property=\"og:type\" content=\"article\" \/>\n<meta property=\"og:title\" content=\"L\u00e4nderkampf Nordtirol - S\u00fcdtirol - SSSV\" \/>\n<meta property=\"og:description\" content=\"Zwischen 27. und 30. April fand der 60. Deutsche Sch\u00fctzentag in Frankfurt am Main statt.\" \/>\n<meta property=\"og:url\" content=\"https:\/\/www.sssv.org\/17\/2018\/10\/16\/nordsuedtirol2018\/\" \/>\n<meta property=\"og:site_name\" content=\"SSSV\" \/>\n<meta property=\"article:published_time\" content=\"2018-10-16T19:40:23+00:00\" \/>\n<meta property=\"og:image\" content=\"https:\/\/www.sssv.org\/17\/wp-content\/uploads\/2018\/10\/ns2018alle.jpg\" \/>\n\t<meta property=\"og:image:width\" content=\"800\" \/>\n\t<meta property=\"og:image:height\" content=\"600\" \/>\n<meta name=\"twitter:card\" content=\"summary_large_image\" \/>\n<meta name=\"twitter:label1\" content=\"Verfasst von\" \/>\n\t<meta name=\"twitter:data1\" content=\"SSSV Redaktion\" \/>\n\t<meta name=\"twitter:label2\" content=\"Gesch\u00e4tzte Lesezeit\" \/>\n\t<meta name=\"twitter:data2\" content=\"1\u00a0Minute\" \/>\n<script type=\"application\/ld+json\" class=\"yoast-schema-graph\">{\"@context\":\"https:\/\/schema.org\",\"@graph\":[{\"@type\":\"WebSite\",\"@id\":\"https:\/\/www.sssv.org\/17\/#website\",\"url\":\"https:\/\/www.sssv.org\/17\/\",\"name\":\"SSSV\",\"description\":\"S\\u00fcdtiroler Sportsch\\u00fctzenverband\",\"potentialAction\":[{\"@type\":\"SearchAction\",\"target\":{\"@type\":\"EntryPoint\",\"urlTemplate\":\"https:\/\/www.sssv.org\/17\/?s={search_term_string}\"},\"query-input\":\"required name=search_term_string\"}],\"inLanguage\":\"de\"},{\"@type\":\"ImageObject\",\"@id\":\"https:\/\/www.sssv.org\/17\/2018\/10\/16\/nordsuedtirol2018\/#primaryimage\",\"inLanguage\":\"de\",\"url\":\"https:\/\/www.sssv.org\/17\/wp-content\/uploads\/2018\/10\/ns2018alle.jpg\",\"contentUrl\":\"https:\/\/www.sssv.org\/17\/wp-content\/uploads\/2018\/10\/ns2018alle.jpg\",\"width\":800,\"height\":600,\"caption\":\"Die Auswahl S\\u00fcdtirol mit Begleitern\"},{\"@type\":\"WebPage\",\"@id\":\"https:\/\/www.sssv.org\/17\/2018\/10\/16\/nordsuedtirol2018\/#webpage\",\"url\":\"https:\/\/www.sssv.org\/17\/2018\/10\/16\/nordsuedtirol2018\/\",\"name\":\"L\\u00e4nderkampf Nordtirol - S\\u00fcdtirol - SSSV\",\"isPartOf\":{\"@id\":\"https:\/\/www.sssv.org\/17\/#website\"},\"primaryImageOfPage\":{\"@id\":\"https:\/\/www.sssv.org\/17\/2018\/10\/16\/nordsuedtirol2018\/#primaryimage\"},\"datePublished\":\"2018-10-16T19:40:23+00:00\",\"dateModified\":\"2018-10-16T19:40:23+00:00\",\"author\":{\"@id\":\"https:\/\/www.sssv.org\/17\/#\/schema\/person\/2fec90b42a865cdda80ed8c8c7e8fd0b\"},\"breadcrumb\":{\"@id\":\"https:\/\/www.sssv.org\/17\/2018\/10\/16\/nordsuedtirol2018\/#breadcrumb\"},\"inLanguage\":\"de\",\"potentialAction\":[{\"@type\":\"ReadAction\",\"target\":[\"https:\/\/www.sssv.org\/17\/2018\/10\/16\/nordsuedtirol2018\/\"]}]},{\"@type\":\"BreadcrumbList\",\"@id\":\"https:\/\/www.sssv.org\/17\/2018\/10\/16\/nordsuedtirol2018\/#breadcrumb\",\"itemListElement\":[{\"@type\":\"ListItem\",\"position\":1,\"name\":\"Startseite\",\"item\":\"https:\/\/www.sssv.org\/17\/\"},{\"@type\":\"ListItem\",\"position\":2,\"name\":\"L\\u00e4nderkampf Nordtirol &#8211; S\\u00fcdtirol\"}]},{\"@type\":\"Person\",\"@id\":\"https:\/\/www.sssv.org\/17\/#\/schema\/person\/2fec90b42a865cdda80ed8c8c7e8fd0b\",\"name\":\"SSSV Redaktion\",\"image\":{\"@type\":\"ImageObject\",\"@id\":\"https:\/\/www.sssv.org\/17\/#personlogo\",\"inLanguage\":\"de\",\"url\":\"https:\/\/secure.gravatar.com\/avatar\/ee6db80c08330a1654e85f3ca11421e8?s=96&d=mm&r=g\",\"contentUrl\":\"https:\/\/secure.gravatar.com\/avatar\/ee6db80c08330a1654e85f3ca11421e8?s=96&d=mm&r=g\",\"caption\":\"SSSV Redaktion\"},\"url\":\"https:\/\/www.sssv.org\/17\/author\/sssv-redaktion\/\"}]}<\/script>\n<!-- \/ Yoast SEO plugin. -->","yoast_head_json":{"robots":{"index":"index","follow":"follow","max-snippet":"max-snippet:-1","max-image-preview":"max-image-preview:large","max-video-preview":"max-video-preview:-1"},"canonical":"https:\/\/www.sssv.org\/17\/2018\/10\/16\/nordsuedtirol2018\/","og_locale":"de_DE","og_type":"article","og_title":"L\u00e4nderkampf Nordtirol - S\u00fcdtirol - SSSV","og_description":"Zwischen 27. und 30. April fand der 60. Deutsche Sch\u00fctzentag in Frankfurt am Main statt.","og_url":"https:\/\/www.sssv.org\/17\/2018\/10\/16\/nordsuedtirol2018\/","og_site_name":"SSSV","article_published_time":"2018-10-16T19:40:23+00:00","og_image":[{"width":800,"height":600,"url":"https:\/\/www.sssv.org\/17\/wp-content\/uploads\/2018\/10\/ns2018alle.jpg","type":"image\/jpeg"}],"twitter_card":"summary_large_image","twitter_misc":{"Verfasst von":"SSSV Redaktion","Gesch\u00e4tzte Lesezeit":"1\u00a0Minute"},"schema":{"@context":"https:\/\/schema.org","@graph":[{"@type":"WebSite","@id":"https:\/\/www.sssv.org\/17\/#website","url":"https:\/\/www.sssv.org\/17\/","name":"SSSV","description":"S\u00fcdtiroler Sportsch\u00fctzenverband","potentialAction":[{"@type":"SearchAction","target":{"@type":"EntryPoint","urlTemplate":"https:\/\/www.sssv.org\/17\/?s={search_term_string}"},"query-input":"required name=search_term_string"}],"inLanguage":"de"},{"@type":"ImageObject","@id":"https:\/\/www.sssv.org\/17\/2018\/10\/16\/nordsuedtirol2018\/#primaryimage","inLanguage":"de","url":"https:\/\/www.sssv.org\/17\/wp-content\/uploads\/2018\/10\/ns2018alle.jpg","contentUrl":"https:\/\/www.sssv.org\/17\/wp-content\/uploads\/2018\/10\/ns2018alle.jpg","width":800,"height":600,"caption":"Die Auswahl S\u00fcdtirol mit Begleitern"},{"@type":"WebPage","@id":"https:\/\/www.sssv.org\/17\/2018\/10\/16\/nordsuedtirol2018\/#webpage","url":"https:\/\/www.sssv.org\/17\/2018\/10\/16\/nordsuedtirol2018\/","name":"L\u00e4nderkampf Nordtirol - S\u00fcdtirol - SSSV","isPartOf":{"@id":"https:\/\/www.sssv.org\/17\/#website"},"primaryImageOfPage":{"@id":"https:\/\/www.sssv.org\/17\/2018\/10\/16\/nordsuedtirol2018\/#primaryimage"},"datePublished":"2018-10-16T19:40:23+00:00","dateModified":"2018-10-16T19:40:23+00:00","author":{"@id":"https:\/\/www.sssv.org\/17\/#\/schema\/person\/2fec90b42a865cdda80ed8c8c7e8fd0b"},"breadcrumb":{"@id":"https:\/\/www.sssv.org\/17\/2018\/10\/16\/nordsuedtirol2018\/#breadcrumb"},"inLanguage":"de","potentialAction":[{"@type":"ReadAction","target":["https:\/\/www.sssv.org\/17\/2018\/10\/16\/nordsuedtirol2018\/"]}]},{"@type":"BreadcrumbList","@id":"https:\/\/www.sssv.org\/17\/2018\/10\/16\/nordsuedtirol2018\/#breadcrumb","itemListElement":[{"@type":"ListItem","position":1,"name":"Startseite","item":"https:\/\/www.sssv.org\/17\/"},{"@type":"ListItem","position":2,"name":"L\u00e4nderkampf Nordtirol &#8211; S\u00fcdtirol"}]},{"@type":"Person","@id":"https:\/\/www.sssv.org\/17\/#\/schema\/person\/2fec90b42a865cdda80ed8c8c7e8fd0b","name":"SSSV Redaktion","image":{"@type":"ImageObject","@id":"https:\/\/www.sssv.org\/17\/#personlogo","inLanguage":"de","url":"https:\/\/secure.gravatar.com\/avatar\/ee6db80c08330a1654e85f3ca11421e8?s=96&d=mm&r=g","contentUrl":"https:\/\/secure.gravatar.com\/avatar\/ee6db80c08330a1654e85f3ca11421e8?s=96&d=mm&r=g","caption":"SSSV Redaktion"},"url":"https:\/\/www.sssv.org\/17\/author\/sssv-redaktion\/"}]}},"_links":{"self":[{"href":"https:\/\/www.sssv.org\/17\/wp-json\/wp\/v2\/posts\/1939"}],"collection":[{"href":"https:\/\/www.sssv.org\/17\/wp-json\/wp\/v2\/posts"}],"about":[{"href":"https:\/\/www.sssv.org\/17\/wp-json\/wp\/v2\/types\/post"}],"author":[{"embeddable":true,"href":"https:\/\/www.sssv.org\/17\/wp-json\/wp\/v2\/users\/2"}],"replies":[{"embeddable":true,"href":"https:\/\/www.sssv.org\/17\/wp-json\/wp\/v2\/comments?post=1939"}],"version-history":[{"count":4,"href":"https:\/\/www.sssv.org\/17\/wp-json\/wp\/v2\/posts\/1939\/revisions"}],"predecessor-version":[{"id":1943,"href":"https:\/\/www.sssv.org\/17\/wp-json\/wp\/v2\/posts\/1939\/revisions\/1943"}],"wp:featuredmedia":[{"embeddable":true,"href":"https:\/\/www.sssv.org\/17\/wp-json\/wp\/v2\/media\/1928"}],"wp:attachment":[{"href":"https:\/\/www.sssv.org\/17\/wp-json\/wp\/v2\/media?parent=1939"}],"wp:term":[{"taxonomy":"category","embeddable":true,"href":"https:\/\/www.sssv.org\/17\/wp-json\/wp\/v2\/categories?post=1939"},{"taxonomy":"post_tag","embeddable":true,"href":"https:\/\/www.sssv.org\/17\/wp-json\/wp\/v2\/tags?post=1939"}],"curies":[{"name":"wp","href":"https:\/\/api.w.org\/{rel}","templated":true}]}}