{"id":1382,"date":"2017-10-22T18:27:56","date_gmt":"2017-10-22T16:27:56","guid":{"rendered":"http:\/\/www2.sssv.org\/17\/?p=1382"},"modified":"2018-03-09T22:28:39","modified_gmt":"2018-03-09T21:28:39","slug":"nikolausschiessen-2017","status":"publish","type":"post","link":"https:\/\/www.sssv.org\/17\/2017\/10\/22\/nikolausschiessen-2017\/","title":{"rendered":"Nikolausschie\u00dfen 2017"},"content":{"rendered":"<h2>Jugend beherrscht den Schie\u00dfstand in Kaltern<\/h2>\n<div class=\"layoutArea\">\n<div class=\"column\">\n<p><strong>Als allj\u00e4hrlichen Jahresabschlu\u00df organisiert das VSS Referat Schie\u00dfsport das Nikolausschie\u00dfen, an dem alle in den Vereinen eingeschriebenen Jugendlichen zwischen 10 und 15 Jahren teilnehmen k\u00f6nnen.<\/strong><\/p>\n<p>Mit knapp 100 gemeldeten Teilnehmern konnte zwar kein neuer Teilnehmerekord erzielt werden, aber trotzdem herrschte am Schie\u00dfstand reges Treiben.\u00a0Die Trainer und Betreuer waren meist gleich nerv\u00f6s wie die Sch\u00fctzen selbst, denn jeder wollte wissen ob er die heurige Saison gut gearbeitet hatte. Am Ende sah man aber viele zufriedene Gesichter, auch wegen der insgesamt gelungenen Veranstaltung.<\/p>\n<p>Referent Engelbert Zelger konnte bei der Preisverteilung in einem &#8211; mit Teilnehmern und unz\u00e4hligen Eltern und Betreuern \u00fcbervollen Schie\u00dfstand &#8211; Ernfried Obrist, Pr\u00e4sident des Nat. Sportsch\u00fctzen Verbandes u. August Tappeiner als Vertreter des S\u00fcdtiroler Sportsch\u00fctzenverbandes, begr\u00fc\u00dfen.\u00a0Er erw\u00e4hnte die gute Zusammenarbeit mit beiden Verb\u00e4nden, welche nicht in Konkurrenz stehen sondern sich in den T\u00e4tigkeiten und Programmen erg\u00e4nzen.<\/p>\n<figure id=\"attachment_1228\" aria-describedby=\"caption-attachment-1228\" style=\"width: 800px\" class=\"wp-caption alignnone\"><img loading=\"lazy\" class=\"size-full wp-image-1228\" src=\"http:\/\/www2.sssv.org\/17\/wp-content\/uploads\/2017\/12\/sssv-z-33.jpg\" alt=\"\" width=\"800\" height=\"450\" srcset=\"https:\/\/www.sssv.org\/17\/wp-content\/uploads\/2017\/12\/sssv-z-33.jpg 800w, https:\/\/www.sssv.org\/17\/wp-content\/uploads\/2017\/12\/sssv-z-33-300x169.jpg 300w, https:\/\/www.sssv.org\/17\/wp-content\/uploads\/2017\/12\/sssv-z-33-768x432.jpg 768w, https:\/\/www.sssv.org\/17\/wp-content\/uploads\/2017\/12\/sssv-z-33-696x392.jpg 696w, https:\/\/www.sssv.org\/17\/wp-content\/uploads\/2017\/12\/sssv-z-33-747x420.jpg 747w\" sizes=\"(max-width: 800px) 100vw, 800px\" \/><figcaption id=\"caption-attachment-1228\" class=\"wp-caption-text\">Weder UITS-Pr\u00e4sident Ernfried Obrist noch VSS-Referent Engelbert Zelger waren imstande, dem Krampus einen besonders b\u00f6sen Sch\u00fctzen zu zeigen.<\/figcaption><\/figure>\n<p>Es ist einfach ein herrlicher Abschluss des T\u00e4tigkeitsjahres vor so vielen begeisterten Jugendlichen und Eltern zu stehen, zu sehen wie lebendig und voller Zukunft unser Referat ist. Ein \u00fcberraschender Auftritt eine jungen Krampus aus Schlanders gab dem Ganzen dann noch eine besondere Note.<\/p>\n<\/div>\n<div class=\"column\">\n<p>Ernfried Obrist, Pr\u00e4sident des Nationalen Sportsch\u00fctzenverbandes betonte, er sei sehr stolz auf die T\u00e4tigkeit des Referates, gerade auch weil dies in seiner Heimatregion geschieht. Solche Jugendveranstaltungen sind das Leben eines Verbandes.<\/p>\n<p>August Tappeiner bedankte sich bei allen Organisatoren f\u00fcr die das ganze Jahr \u00fcber geleistete Jugendarbeit des Referates. Auch heuer erzielten die S\u00fcdtiroler Teilnehmer bei den Jugend-Italienmeisterschaften einige Medaillen und mehrere sehr gute Platzierungen. Alle diese Sch\u00fctzen haben in den VSS Programmen ihre ersten Gehversuche getan.<\/p>\n<div class=\"column\">\n<p>Referent Engelbert Zelger gratulierte allen Jugendlichen zu ihren Leistungen &#8211; gar einige waren herausragend <strong><em>(siehe Ranglisten unten)<\/em><\/strong> und \u00fcberreichte die Nikolauss\u00e4ckchen. Er bedankte sich bei allen Helfern und bei der Gilde Kaltern und w\u00fcnschte allen eine besinnliche Advendszeit und ein frohes Weihnachtsfest und schloss mit der Hoffnung, alle beim VSS Programm 2018 wiederzusehen.<\/p>\n<div class=\"layoutArea\">\n<div class=\"column\">\n<p style=\"text-align: right;\"><em>Engelbert Zelger<\/em><\/p>\n<figure id=\"attachment_1229\" aria-describedby=\"caption-attachment-1229\" style=\"width: 800px\" class=\"wp-caption alignnone\"><img loading=\"lazy\" class=\"size-full wp-image-1229\" src=\"http:\/\/www2.sssv.org\/17\/wp-content\/uploads\/2017\/12\/sssv-z-32.jpg\" alt=\"\" width=\"800\" height=\"450\" srcset=\"https:\/\/www.sssv.org\/17\/wp-content\/uploads\/2017\/12\/sssv-z-32.jpg 800w, https:\/\/www.sssv.org\/17\/wp-content\/uploads\/2017\/12\/sssv-z-32-300x169.jpg 300w, https:\/\/www.sssv.org\/17\/wp-content\/uploads\/2017\/12\/sssv-z-32-768x432.jpg 768w, https:\/\/www.sssv.org\/17\/wp-content\/uploads\/2017\/12\/sssv-z-32-696x392.jpg 696w, https:\/\/www.sssv.org\/17\/wp-content\/uploads\/2017\/12\/sssv-z-32-747x420.jpg 747w\" sizes=\"(max-width: 800px) 100vw, 800px\" \/><figcaption id=\"caption-attachment-1229\" class=\"wp-caption-text\"><strong>Sch\u00fcler I LG<\/strong><br \/>Name Vorname Gilde tot<br \/>1 Hannes Mair Schlanders 289<br \/>2 Tobias Pfattner Latzfons 287<br \/>3 Jonas Tr\u00f6ger Laas 286<br \/>4 Divonne Crepaz Goldrain 283<br \/>5 Emma N\u00f6ssing Deutschnofen 281<\/figcaption><\/figure>\n<figure id=\"attachment_1227\" aria-describedby=\"caption-attachment-1227\" style=\"width: 800px\" class=\"wp-caption alignnone\"><img loading=\"lazy\" class=\"size-full wp-image-1227\" src=\"http:\/\/www2.sssv.org\/17\/wp-content\/uploads\/2017\/12\/sssv-z-34.jpg\" alt=\"\" width=\"800\" height=\"450\" srcset=\"https:\/\/www.sssv.org\/17\/wp-content\/uploads\/2017\/12\/sssv-z-34.jpg 800w, https:\/\/www.sssv.org\/17\/wp-content\/uploads\/2017\/12\/sssv-z-34-300x169.jpg 300w, https:\/\/www.sssv.org\/17\/wp-content\/uploads\/2017\/12\/sssv-z-34-768x432.jpg 768w, https:\/\/www.sssv.org\/17\/wp-content\/uploads\/2017\/12\/sssv-z-34-696x392.jpg 696w, https:\/\/www.sssv.org\/17\/wp-content\/uploads\/2017\/12\/sssv-z-34-747x420.jpg 747w\" sizes=\"(max-width: 800px) 100vw, 800px\" \/><figcaption id=\"caption-attachment-1227\" class=\"wp-caption-text\"><strong>Z\u00f6glinge LG<\/strong><br \/>Name Vorname Gilde tot<br \/>1 Eva Kaufmann Auer 283<br \/>2 Ivan Unterholzner Schlanders 269<br \/>3 Manuel Gruber Mals 266<br \/>4 Samuel Zwerger Kurtatsch 266<br \/>5 Ida N\u00f6ssing Deutschnofen 261<\/figcaption><\/figure>\n<figure id=\"attachment_1226\" aria-describedby=\"caption-attachment-1226\" style=\"width: 800px\" class=\"wp-caption alignnone\"><img loading=\"lazy\" class=\"size-full wp-image-1226\" src=\"http:\/\/www2.sssv.org\/17\/wp-content\/uploads\/2017\/12\/sssv-z-35.jpg\" alt=\"\" width=\"800\" height=\"450\" srcset=\"https:\/\/www.sssv.org\/17\/wp-content\/uploads\/2017\/12\/sssv-z-35.jpg 800w, https:\/\/www.sssv.org\/17\/wp-content\/uploads\/2017\/12\/sssv-z-35-300x169.jpg 300w, https:\/\/www.sssv.org\/17\/wp-content\/uploads\/2017\/12\/sssv-z-35-768x432.jpg 768w, https:\/\/www.sssv.org\/17\/wp-content\/uploads\/2017\/12\/sssv-z-35-696x392.jpg 696w, https:\/\/www.sssv.org\/17\/wp-content\/uploads\/2017\/12\/sssv-z-35-747x420.jpg 747w\" sizes=\"(max-width: 800px) 100vw, 800px\" \/><figcaption id=\"caption-attachment-1226\" class=\"wp-caption-text\"><strong>Sch\u00fcler II LG frei<\/strong><br \/>Name Vorname Gilde tot<br \/>1 Sara Tomasi Auer 283<br \/>2 Patrick Augsch\u00f6ll St. Lorenzen 283<br \/>3 Milena Gamper Schnals 280<br \/>4 Michael Entacher Eppan 279<br \/>5 Elisabeth Theiner Mals 277<\/figcaption><\/figure>\n<figure id=\"attachment_1225\" aria-describedby=\"caption-attachment-1225\" style=\"width: 800px\" class=\"wp-caption alignnone\"><img loading=\"lazy\" class=\"size-full wp-image-1225\" src=\"http:\/\/www2.sssv.org\/17\/wp-content\/uploads\/2017\/12\/sssv-z-36.jpg\" alt=\"\" width=\"800\" height=\"450\" srcset=\"https:\/\/www.sssv.org\/17\/wp-content\/uploads\/2017\/12\/sssv-z-36.jpg 800w, https:\/\/www.sssv.org\/17\/wp-content\/uploads\/2017\/12\/sssv-z-36-300x169.jpg 300w, https:\/\/www.sssv.org\/17\/wp-content\/uploads\/2017\/12\/sssv-z-36-768x432.jpg 768w, https:\/\/www.sssv.org\/17\/wp-content\/uploads\/2017\/12\/sssv-z-36-696x392.jpg 696w, https:\/\/www.sssv.org\/17\/wp-content\/uploads\/2017\/12\/sssv-z-36-747x420.jpg 747w\" sizes=\"(max-width: 800px) 100vw, 800px\" \/><figcaption id=\"caption-attachment-1225\" class=\"wp-caption-text\"><strong>Sch\u00fcler II LP<\/strong><br \/>Name Vorname Gilde tot<br \/>1 Ren\u00e9 Alber Laas 239<br \/>2 Franz Stocker Schlanders 221<br \/>3 Alex Cumerlotti Eppan 213<br \/>4 Korbinian G\u00f6mann Brixen 169<\/figcaption><\/figure>\n<figure id=\"attachment_1224\" aria-describedby=\"caption-attachment-1224\" style=\"width: 800px\" class=\"wp-caption alignnone\"><img loading=\"lazy\" class=\"size-full wp-image-1224\" src=\"http:\/\/www2.sssv.org\/17\/wp-content\/uploads\/2017\/12\/sssv-z-37.jpg\" alt=\"\" width=\"800\" height=\"450\" srcset=\"https:\/\/www.sssv.org\/17\/wp-content\/uploads\/2017\/12\/sssv-z-37.jpg 800w, https:\/\/www.sssv.org\/17\/wp-content\/uploads\/2017\/12\/sssv-z-37-300x169.jpg 300w, https:\/\/www.sssv.org\/17\/wp-content\/uploads\/2017\/12\/sssv-z-37-768x432.jpg 768w, https:\/\/www.sssv.org\/17\/wp-content\/uploads\/2017\/12\/sssv-z-37-696x392.jpg 696w, https:\/\/www.sssv.org\/17\/wp-content\/uploads\/2017\/12\/sssv-z-37-747x420.jpg 747w\" sizes=\"(max-width: 800px) 100vw, 800px\" \/><figcaption id=\"caption-attachment-1224\" class=\"wp-caption-text\"><strong>Sch\u00fcler II LG m.St<\/strong><br \/>Name Vorname Gilde tot<br \/>1 Moritz Haller Naturns 279<br \/>2 Raphael Gufler St.Leonhard 277<br \/>3 Max Mair Naturns 274<br \/>4 Simon Tumler Naturns 267<\/figcaption><\/figure>\n<figure id=\"attachment_1223\" aria-describedby=\"caption-attachment-1223\" style=\"width: 800px\" class=\"wp-caption alignnone\"><img loading=\"lazy\" class=\"size-full wp-image-1223\" src=\"http:\/\/www2.sssv.org\/17\/wp-content\/uploads\/2017\/12\/sssv-z-38.jpg\" alt=\"\" width=\"800\" height=\"450\" srcset=\"https:\/\/www.sssv.org\/17\/wp-content\/uploads\/2017\/12\/sssv-z-38.jpg 800w, https:\/\/www.sssv.org\/17\/wp-content\/uploads\/2017\/12\/sssv-z-38-300x169.jpg 300w, https:\/\/www.sssv.org\/17\/wp-content\/uploads\/2017\/12\/sssv-z-38-768x432.jpg 768w, https:\/\/www.sssv.org\/17\/wp-content\/uploads\/2017\/12\/sssv-z-38-696x392.jpg 696w, https:\/\/www.sssv.org\/17\/wp-content\/uploads\/2017\/12\/sssv-z-38-747x420.jpg 747w\" sizes=\"(max-width: 800px) 100vw, 800px\" \/><figcaption id=\"caption-attachment-1223\" class=\"wp-caption-text\"><strong>Sch\u00fcler I LP<\/strong><br \/>Name Vorname Gilde tot<br \/>1 Lea Gemassmer Schlanders 270<br \/>2 Sascha Ratschiller Schlanders 266<br \/>3 Elias F\u00e4ckl Deutschnofen 261<br \/>4 Greta Stocker Schlanders 246<\/figcaption><\/figure>\n<figure id=\"attachment_1222\" aria-describedby=\"caption-attachment-1222\" style=\"width: 800px\" class=\"wp-caption alignnone\"><img loading=\"lazy\" class=\"size-full wp-image-1222\" src=\"http:\/\/www2.sssv.org\/17\/wp-content\/uploads\/2017\/12\/sssv-z-39.jpg\" alt=\"\" width=\"800\" height=\"450\" srcset=\"https:\/\/www.sssv.org\/17\/wp-content\/uploads\/2017\/12\/sssv-z-39.jpg 800w, https:\/\/www.sssv.org\/17\/wp-content\/uploads\/2017\/12\/sssv-z-39-300x169.jpg 300w, https:\/\/www.sssv.org\/17\/wp-content\/uploads\/2017\/12\/sssv-z-39-768x432.jpg 768w, https:\/\/www.sssv.org\/17\/wp-content\/uploads\/2017\/12\/sssv-z-39-696x392.jpg 696w, https:\/\/www.sssv.org\/17\/wp-content\/uploads\/2017\/12\/sssv-z-39-747x420.jpg 747w\" sizes=\"(max-width: 800px) 100vw, 800px\" \/><figcaption id=\"caption-attachment-1222\" class=\"wp-caption-text\"><strong>Z\u00f6glinge LP<\/strong><br \/>Name Vorname Gilde tot<br \/>1 Moritz Gschnell Kurtatsch 236<br \/>2 Klaus Hanni Schlanders 230<br \/>3 Michael Pircher Schlanders 201<br \/>4 Sarah Floreani Goldrain 170<\/figcaption><\/figure>\n<\/div>\n<\/div>\n<\/div>\n<\/div>\n<\/div>\n","protected":false},"excerpt":{"rendered":"<p>Als allj\u00e4hrlichen Jahresabschlu\u00df organisiert das VSS Referat Schie\u00dfsport das Nikolausschie\u00dfen, an dem alle in den Vereinen eingeschriebenen Jugendlichen zwischen 10 und 15 Jahren teilnehmen k\u00f6nnen.<\/p>\n","protected":false},"author":2,"featured_media":1230,"comment_status":"open","ping_status":"open","sticky":false,"template":"","format":"standard","meta":[],"categories":[1,48,56,64,92],"tags":[],"yoast_head":"<!-- This site is optimized with the Yoast SEO plugin v17.8 - https:\/\/yoast.com\/wordpress\/plugins\/seo\/ -->\n<meta name=\"robots\" content=\"index, follow, max-snippet:-1, max-image-preview:large, max-video-preview:-1\" \/>\n<link rel=\"canonical\" href=\"https:\/\/www.sssv.org\/17\/2017\/10\/22\/nikolausschiessen-2017\/\" \/>\n<meta property=\"og:locale\" content=\"de_DE\" \/>\n<meta property=\"og:type\" content=\"article\" \/>\n<meta property=\"og:title\" content=\"Nikolausschie\u00dfen 2017 - SSSV\" \/>\n<meta property=\"og:description\" content=\"Als allj\u00e4hrlichen Jahresabschlu\u00df organisiert das VSS Referat Schie\u00dfsport das Nikolausschie\u00dfen, an dem alle in den Vereinen eingeschriebenen Jugendlichen zwischen 10 und 15 Jahren teilnehmen k\u00f6nnen.\" \/>\n<meta property=\"og:url\" content=\"https:\/\/www.sssv.org\/17\/2017\/10\/22\/nikolausschiessen-2017\/\" \/>\n<meta property=\"og:site_name\" content=\"SSSV\" \/>\n<meta property=\"article:published_time\" content=\"2017-10-22T16:27:56+00:00\" \/>\n<meta property=\"article:modified_time\" content=\"2018-03-09T21:28:39+00:00\" \/>\n<meta property=\"og:image\" content=\"https:\/\/www.sssv.org\/17\/wp-content\/uploads\/2017\/12\/sssv-z-31.jpg\" \/>\n\t<meta property=\"og:image:width\" content=\"800\" \/>\n\t<meta property=\"og:image:height\" content=\"450\" \/>\n<meta name=\"twitter:card\" content=\"summary_large_image\" \/>\n<meta name=\"twitter:label1\" content=\"Verfasst von\" \/>\n\t<meta name=\"twitter:data1\" content=\"SSSV Redaktion\" \/>\n\t<meta name=\"twitter:label2\" content=\"Gesch\u00e4tzte Lesezeit\" \/>\n\t<meta name=\"twitter:data2\" content=\"3\u00a0Minuten\" \/>\n<script type=\"application\/ld+json\" class=\"yoast-schema-graph\">{\"@context\":\"https:\/\/schema.org\",\"@graph\":[{\"@type\":\"WebSite\",\"@id\":\"https:\/\/www.sssv.org\/17\/#website\",\"url\":\"https:\/\/www.sssv.org\/17\/\",\"name\":\"SSSV\",\"description\":\"S\\u00fcdtiroler Sportsch\\u00fctzenverband\",\"potentialAction\":[{\"@type\":\"SearchAction\",\"target\":{\"@type\":\"EntryPoint\",\"urlTemplate\":\"https:\/\/www.sssv.org\/17\/?s={search_term_string}\"},\"query-input\":\"required name=search_term_string\"}],\"inLanguage\":\"de\"},{\"@type\":\"ImageObject\",\"@id\":\"https:\/\/www.sssv.org\/17\/2017\/10\/22\/nikolausschiessen-2017\/#primaryimage\",\"inLanguage\":\"de\",\"url\":\"https:\/\/www.sssv.org\/17\/wp-content\/uploads\/2017\/12\/sssv-z-31.jpg\",\"contentUrl\":\"https:\/\/www.sssv.org\/17\/wp-content\/uploads\/2017\/12\/sssv-z-31.jpg\",\"width\":800,\"height\":450},{\"@type\":\"WebPage\",\"@id\":\"https:\/\/www.sssv.org\/17\/2017\/10\/22\/nikolausschiessen-2017\/#webpage\",\"url\":\"https:\/\/www.sssv.org\/17\/2017\/10\/22\/nikolausschiessen-2017\/\",\"name\":\"Nikolausschie\\u00dfen 2017 - SSSV\",\"isPartOf\":{\"@id\":\"https:\/\/www.sssv.org\/17\/#website\"},\"primaryImageOfPage\":{\"@id\":\"https:\/\/www.sssv.org\/17\/2017\/10\/22\/nikolausschiessen-2017\/#primaryimage\"},\"datePublished\":\"2017-10-22T16:27:56+00:00\",\"dateModified\":\"2018-03-09T21:28:39+00:00\",\"author\":{\"@id\":\"https:\/\/www.sssv.org\/17\/#\/schema\/person\/2fec90b42a865cdda80ed8c8c7e8fd0b\"},\"breadcrumb\":{\"@id\":\"https:\/\/www.sssv.org\/17\/2017\/10\/22\/nikolausschiessen-2017\/#breadcrumb\"},\"inLanguage\":\"de\",\"potentialAction\":[{\"@type\":\"ReadAction\",\"target\":[\"https:\/\/www.sssv.org\/17\/2017\/10\/22\/nikolausschiessen-2017\/\"]}]},{\"@type\":\"BreadcrumbList\",\"@id\":\"https:\/\/www.sssv.org\/17\/2017\/10\/22\/nikolausschiessen-2017\/#breadcrumb\",\"itemListElement\":[{\"@type\":\"ListItem\",\"position\":1,\"name\":\"Startseite\",\"item\":\"https:\/\/www.sssv.org\/17\/\"},{\"@type\":\"ListItem\",\"position\":2,\"name\":\"Nikolausschie\\u00dfen 2017\"}]},{\"@type\":\"Person\",\"@id\":\"https:\/\/www.sssv.org\/17\/#\/schema\/person\/2fec90b42a865cdda80ed8c8c7e8fd0b\",\"name\":\"SSSV Redaktion\",\"image\":{\"@type\":\"ImageObject\",\"@id\":\"https:\/\/www.sssv.org\/17\/#personlogo\",\"inLanguage\":\"de\",\"url\":\"https:\/\/secure.gravatar.com\/avatar\/ee6db80c08330a1654e85f3ca11421e8?s=96&d=mm&r=g\",\"contentUrl\":\"https:\/\/secure.gravatar.com\/avatar\/ee6db80c08330a1654e85f3ca11421e8?s=96&d=mm&r=g\",\"caption\":\"SSSV Redaktion\"},\"url\":\"https:\/\/www.sssv.org\/17\/author\/sssv-redaktion\/\"}]}<\/script>\n<!-- \/ Yoast SEO plugin. -->","yoast_head_json":{"robots":{"index":"index","follow":"follow","max-snippet":"max-snippet:-1","max-image-preview":"max-image-preview:large","max-video-preview":"max-video-preview:-1"},"canonical":"https:\/\/www.sssv.org\/17\/2017\/10\/22\/nikolausschiessen-2017\/","og_locale":"de_DE","og_type":"article","og_title":"Nikolausschie\u00dfen 2017 - SSSV","og_description":"Als allj\u00e4hrlichen Jahresabschlu\u00df organisiert das VSS Referat Schie\u00dfsport das Nikolausschie\u00dfen, an dem alle in den Vereinen eingeschriebenen Jugendlichen zwischen 10 und 15 Jahren teilnehmen k\u00f6nnen.","og_url":"https:\/\/www.sssv.org\/17\/2017\/10\/22\/nikolausschiessen-2017\/","og_site_name":"SSSV","article_published_time":"2017-10-22T16:27:56+00:00","article_modified_time":"2018-03-09T21:28:39+00:00","og_image":[{"width":800,"height":450,"url":"https:\/\/www.sssv.org\/17\/wp-content\/uploads\/2017\/12\/sssv-z-31.jpg","type":"image\/jpeg"}],"twitter_card":"summary_large_image","twitter_misc":{"Verfasst von":"SSSV Redaktion","Gesch\u00e4tzte Lesezeit":"3\u00a0Minuten"},"schema":{"@context":"https:\/\/schema.org","@graph":[{"@type":"WebSite","@id":"https:\/\/www.sssv.org\/17\/#website","url":"https:\/\/www.sssv.org\/17\/","name":"SSSV","description":"S\u00fcdtiroler Sportsch\u00fctzenverband","potentialAction":[{"@type":"SearchAction","target":{"@type":"EntryPoint","urlTemplate":"https:\/\/www.sssv.org\/17\/?s={search_term_string}"},"query-input":"required name=search_term_string"}],"inLanguage":"de"},{"@type":"ImageObject","@id":"https:\/\/www.sssv.org\/17\/2017\/10\/22\/nikolausschiessen-2017\/#primaryimage","inLanguage":"de","url":"https:\/\/www.sssv.org\/17\/wp-content\/uploads\/2017\/12\/sssv-z-31.jpg","contentUrl":"https:\/\/www.sssv.org\/17\/wp-content\/uploads\/2017\/12\/sssv-z-31.jpg","width":800,"height":450},{"@type":"WebPage","@id":"https:\/\/www.sssv.org\/17\/2017\/10\/22\/nikolausschiessen-2017\/#webpage","url":"https:\/\/www.sssv.org\/17\/2017\/10\/22\/nikolausschiessen-2017\/","name":"Nikolausschie\u00dfen 2017 - SSSV","isPartOf":{"@id":"https:\/\/www.sssv.org\/17\/#website"},"primaryImageOfPage":{"@id":"https:\/\/www.sssv.org\/17\/2017\/10\/22\/nikolausschiessen-2017\/#primaryimage"},"datePublished":"2017-10-22T16:27:56+00:00","dateModified":"2018-03-09T21:28:39+00:00","author":{"@id":"https:\/\/www.sssv.org\/17\/#\/schema\/person\/2fec90b42a865cdda80ed8c8c7e8fd0b"},"breadcrumb":{"@id":"https:\/\/www.sssv.org\/17\/2017\/10\/22\/nikolausschiessen-2017\/#breadcrumb"},"inLanguage":"de","potentialAction":[{"@type":"ReadAction","target":["https:\/\/www.sssv.org\/17\/2017\/10\/22\/nikolausschiessen-2017\/"]}]},{"@type":"BreadcrumbList","@id":"https:\/\/www.sssv.org\/17\/2017\/10\/22\/nikolausschiessen-2017\/#breadcrumb","itemListElement":[{"@type":"ListItem","position":1,"name":"Startseite","item":"https:\/\/www.sssv.org\/17\/"},{"@type":"ListItem","position":2,"name":"Nikolausschie\u00dfen 2017"}]},{"@type":"Person","@id":"https:\/\/www.sssv.org\/17\/#\/schema\/person\/2fec90b42a865cdda80ed8c8c7e8fd0b","name":"SSSV Redaktion","image":{"@type":"ImageObject","@id":"https:\/\/www.sssv.org\/17\/#personlogo","inLanguage":"de","url":"https:\/\/secure.gravatar.com\/avatar\/ee6db80c08330a1654e85f3ca11421e8?s=96&d=mm&r=g","contentUrl":"https:\/\/secure.gravatar.com\/avatar\/ee6db80c08330a1654e85f3ca11421e8?s=96&d=mm&r=g","caption":"SSSV Redaktion"},"url":"https:\/\/www.sssv.org\/17\/author\/sssv-redaktion\/"}]}},"_links":{"self":[{"href":"https:\/\/www.sssv.org\/17\/wp-json\/wp\/v2\/posts\/1382"}],"collection":[{"href":"https:\/\/www.sssv.org\/17\/wp-json\/wp\/v2\/posts"}],"about":[{"href":"https:\/\/www.sssv.org\/17\/wp-json\/wp\/v2\/types\/post"}],"author":[{"embeddable":true,"href":"https:\/\/www.sssv.org\/17\/wp-json\/wp\/v2\/users\/2"}],"replies":[{"embeddable":true,"href":"https:\/\/www.sssv.org\/17\/wp-json\/wp\/v2\/comments?post=1382"}],"version-history":[{"count":3,"href":"https:\/\/www.sssv.org\/17\/wp-json\/wp\/v2\/posts\/1382\/revisions"}],"predecessor-version":[{"id":1425,"href":"https:\/\/www.sssv.org\/17\/wp-json\/wp\/v2\/posts\/1382\/revisions\/1425"}],"wp:featuredmedia":[{"embeddable":true,"href":"https:\/\/www.sssv.org\/17\/wp-json\/wp\/v2\/media\/1230"}],"wp:attachment":[{"href":"https:\/\/www.sssv.org\/17\/wp-json\/wp\/v2\/media?parent=1382"}],"wp:term":[{"taxonomy":"category","embeddable":true,"href":"https:\/\/www.sssv.org\/17\/wp-json\/wp\/v2\/categories?post=1382"},{"taxonomy":"post_tag","embeddable":true,"href":"https:\/\/www.sssv.org\/17\/wp-json\/wp\/v2\/tags?post=1382"}],"curies":[{"name":"wp","href":"https:\/\/api.w.org\/{rel}","templated":true}]}}